{"id":194,"date":"2024-11-03T09:33:49","date_gmt":"2024-11-03T01:33:49","guid":{"rendered":"https:\/\/casalcatala.ca\/CAT\/?p=194"},"modified":"2025-02-03T09:56:24","modified_gmt":"2025-02-03T01:56:24","slug":"la-castanyada","status":"publish","type":"post","link":"https:\/\/casalcatala.ca\/CAT\/2024\/11\/03\/la-castanyada\/","title":{"rendered":"La Castanyada!"},"content":{"rendered":"\n<div class=\"alignnormal\"><div id=\"metaslider-id-46\" style=\"width: 100%;\" class=\"ml-slider-3-106-0 metaslider metaslider-flex metaslider-46 ml-slider has-dots-nav ms-theme-default-base\" role=\"region\" aria-label=\"2024Castanyada\" data-height=\"300\" data-width=\"700\">\n    <div id=\"metaslider_container_46\">\n        <div id=\"metaslider_46\">\n            <ul class='slides'>\n                <li style=\"display: block; width: 100%;\" class=\"slide-216 ms-image \" aria-roledescription=\"slide\" data-date=\"2025-02-04 03:02:11\" data-filename=\"2024_castanyada_1-400x171.png\" data-slide-type=\"image\"><img loading=\"lazy\" decoding=\"async\" src=\"https:\/\/casalcatala.ca\/CAT\/wp-content\/uploads\/2025\/02\/2024_castanyada_1-400x171.png\" height=\"300\" width=\"700\" alt=\"\" class=\"slider-46 slide-216 msDefaultImage\" title=\"2024_castanyada_1\" \/><\/li>\n                <li style=\"display: none; width: 100%;\" class=\"slide-217 ms-image \" aria-roledescription=\"slide\" data-date=\"2025-02-04 03:02:38\" data-filename=\"2024_castanyada_2-400x171.png\" data-slide-type=\"image\"><img loading=\"lazy\" decoding=\"async\" src=\"https:\/\/casalcatala.ca\/CAT\/wp-content\/uploads\/2025\/02\/2024_castanyada_2-400x171.png\" height=\"300\" width=\"700\" alt=\"\" class=\"slider-46 slide-217 msDefaultImage\" title=\"2024_castanyada_2\" \/><\/li>\n                <li style=\"display: none; width: 100%;\" class=\"slide-218 ms-image \" aria-roledescription=\"slide\" data-date=\"2025-02-04 03:02:44\" data-filename=\"2024_castanyada_3-300x128.png\" data-slide-type=\"image\"><img loading=\"lazy\" decoding=\"async\" src=\"https:\/\/casalcatala.ca\/CAT\/wp-content\/uploads\/2025\/02\/2024_castanyada_3-300x128.png\" height=\"300\" width=\"700\" alt=\"\" class=\"slider-46 slide-218 msDefaultImage\" title=\"2024_castanyada_3\" \/><\/li>\n            <\/ul>\n        <\/div>\n        \n    <\/div>\n<\/div><\/div>\n\n\n\n<p>Es far\u00e0 el proper&nbsp;<strong>diumenge 3 de Novembre<\/strong>&nbsp;entre les&nbsp;<strong>15h i les 18h<\/strong>&nbsp;al&nbsp;<a href=\"https:\/\/www.google.com\/maps\/place\/Kitsilano+Community+Centre\/@49.2617695,-123.1619525,15z\/data=!4m6!3m5!1s0x548673aeffe3c643:0x13d5124af164a690!8m2!3d49.2617695!4d-123.1619525!16s%2Fg%2F1tp_6245?sa=X&amp;ved=1t:2428&amp;ictx=111&amp;entry=tts&amp;g_ep=EgoyMDI0MTAwMi4xIPu8ASoASAFQAw%3D%3D\">Kitsilano Community Centre<\/a><\/p>\n\n\n\n<p><strong><br>Activitats per a nens i nenes:<\/strong><\/p>\n\n\n\n<ul class=\"wp-block-list\">\n<li>El Conte de la Castanyera:&nbsp;Llegir i explicar&nbsp;qui \u00e9s la castanyera i la seva hist\u00f2ria.<\/li>\n\n\n\n<li>Fem Panellets:&nbsp;Fer panellets de xocolata&nbsp;una del\u00edcia que no es poden perdre!<\/li>\n\n\n\n<li>Pinta Cares, \u00e9s Halloween: qui vulgui, podr\u00e0 pintar-se la cara a conjunt amb la sevadisfressa.<\/li>\n<\/ul>\n\n\n\n<p>A m\u00e9s, el Casal Catal\u00e0 proporcionar\u00e0&nbsp;begudes i snacks&nbsp;per a tots. I si teniu la sort de trobar castanyes, porteu-les! Tenim un forn a disposici\u00f3 per cuinar-les i gaudir d\u2019un bon sabor tradicional.<\/p>\n\n\n\n<p><strong>Ambientem-nos amb m\u00fasica!<br><\/strong>Per fer m\u00e9s especial aquesta tarda, us animem a escoltar&nbsp;<em>La rumba de les castanyes<\/em>&nbsp;de&nbsp;<strong>El<br>Pot Petit<\/strong>. Feu clic&nbsp;<a href=\"https:\/\/www.youtube.com\/watch?v=J8c7sWsIOfU\">aqu\u00ed&nbsp;<\/a>per gaudir de la can\u00e7\u00f3 i deixar-vos portar per l\u2019olor de la tardor!&nbsp;<\/p>\n\n\n\n<p><br>No deixeu passar l\u2019oportunitat de compartir aquesta tradicci\u00f3 tan especial amb nosaltres. Ser\u00e0<br>una tarda plena d\u2019activitats, rialles i, sobretot, una gran companyia.<\/p>\n\n\n\n<p>Us esperem amb els bra\u00e7os oberts!<\/p>\n\n\n","protected":false},"excerpt":{"rendered":"<p>Es far\u00e0 el proper&nbsp;diumenge 3 de Novembre&nbsp;entre les&nbsp;15h i les 18h&nbsp;al&nbsp;Kitsilano Community Centre Activitats per a nens i nenes: A m\u00e9s, el Casal Catal\u00e0 proporcionar\u00e0&nbsp;begudes i snacks&nbsp;per a tots. I&hellip;<\/p>\n","protected":false},"author":1,"featured_media":195,"comment_status":"closed","ping_status":"closed","sticky":false,"template":"","format":"standard","meta":{"footnotes":""},"categories":[9],"tags":[],"class_list":["post-194","post","type-post","status-publish","format-standard","has-post-thumbnail","hentry","category-activitats"],"_links":{"self":[{"href":"https:\/\/casalcatala.ca\/CAT\/wp-json\/wp\/v2\/posts\/194","targetHints":{"allow":["GET"]}}],"collection":[{"href":"https:\/\/casalcatala.ca\/CAT\/wp-json\/wp\/v2\/posts"}],"about":[{"href":"https:\/\/casalcatala.ca\/CAT\/wp-json\/wp\/v2\/types\/post"}],"author":[{"embeddable":true,"href":"https:\/\/casalcatala.ca\/CAT\/wp-json\/wp\/v2\/users\/1"}],"replies":[{"embeddable":true,"href":"https:\/\/casalcatala.ca\/CAT\/wp-json\/wp\/v2\/comments?post=194"}],"version-history":[{"count":2,"href":"https:\/\/casalcatala.ca\/CAT\/wp-json\/wp\/v2\/posts\/194\/revisions"}],"predecessor-version":[{"id":207,"href":"https:\/\/casalcatala.ca\/CAT\/wp-json\/wp\/v2\/posts\/194\/revisions\/207"}],"wp:featuredmedia":[{"embeddable":true,"href":"https:\/\/casalcatala.ca\/CAT\/wp-json\/wp\/v2\/media\/195"}],"wp:attachment":[{"href":"https:\/\/casalcatala.ca\/CAT\/wp-json\/wp\/v2\/media?parent=194"}],"wp:term":[{"taxonomy":"category","embeddable":true,"href":"https:\/\/casalcatala.ca\/CAT\/wp-json\/wp\/v2\/categories?post=194"},{"taxonomy":"post_tag","embeddable":true,"href":"https:\/\/casalcatala.ca\/CAT\/wp-json\/wp\/v2\/tags?post=194"}],"curies":[{"name":"wp","href":"https:\/\/api.w.org\/{rel}","templated":true}]}}