{"id":251,"date":"2025-02-05T06:24:31","date_gmt":"2025-02-04T22:24:31","guid":{"rendered":"https:\/\/casalcatala.ca\/CAT\/?p=251"},"modified":"2025-10-23T06:12:12","modified_gmt":"2025-10-22T22:12:12","slug":"la-companyia-de-voluntaris-de-catalunya","status":"publish","type":"post","link":"https:\/\/casalcatala.ca\/CAT\/2025\/02\/05\/la-companyia-de-voluntaris-de-catalunya\/","title":{"rendered":"La companyia de voluntaris de Catalunya"},"content":{"rendered":"\n<p>Aquest cos militar es va formar el 12 de maig del 1762, arrel de la intervenci\u00f3 del rei Carles III a la Guerra dels Set Anys (1756-1763), i la seva seu es trobava a la ciutat de Barcelona. Molta gent que formava part d&#8217;aquest cos militar havia estat reclutada a les muntanyes del nord-est de l&#8217;interior de Catalunya (Miquelets). A l&#8217;abril del 1767 era coneguda com la &#8220;Companyia Franca dels Voluntaris de Catalunya&#8221; o &#8220;Companyia dels Voluntaris de Catalunya&#8221; i llavors es va formar el cos Colonial independent, que procedia de la 2a Companyia, amb 4 Oficials, 4 Sargents, 2 tambors i 94 caporals i soldats, destinant-los a les col\u00f2nies d&#8217;Am\u00e8rica.<\/p>\n\n\n\n<p class=\"has-text-align-center\"><img loading=\"lazy\" decoding=\"async\" width=\"248\" height=\"446\" src=\"https:\/\/www.casalcatala.ca\/upload\/image\/voluntari.jpg\" alt=\"\">L&#8217;uniforme d&#8217;aquest cos era: una jaqueta o casaca i pantalons fins els genolls de llana de color blau, el coll de la casaca, l&#8217;armilla i les bocamanigues grogues, botons platejats, camisa blanca i corbata negra, barret o tricorni negre amb un ribet groc i un lla\u00e7 petit vermell, les sabates negres i les mitges blanques. El vestit era per tot aquest cos militar igual, per\u00f2 amb petites variacions pels Oficials i la tropa. La primera companyia portava armilla vermella i la segona groga.<\/p>\n\n\n\n<p>[Dibuix d&#8217;un soldat dels Voluntaris de Catalunya fet per David Rickman de Parks Canada i exposat al museu de la Civilitzaci\u00f3 de Hull.]<\/p>\n\n\n\n<p>El rei Carles III envi\u00e0, l&#8217;any 1765, a la col\u00f2nia de la Nova Espanya (M\u00e8xic) al &#8220;Visitador General&#8221; Jos\u00e9 de G\u00e1lvez, Marqu\u00e8s de Sonora, per reformar el govern de la Col\u00f2nia i enviar expedicions per explorar tota la costa de l&#8217;Alta California i el nord-oest del Pac\u00edfic.<\/p>\n\n\n\n<p>Com a conseq\u00fc\u00e8ncia de la gesti\u00f3 d&#8217;en G\u00e1lvez, es deman\u00e0 a la metr\u00f2poli que envi\u00e9s tropes i entre aquestes s&#8217;escoll\u00ed la Companyia dels Voluntaris de Catalunya. A finals del mes de maig de l&#8217;any 1767 sortia de Cadis (Espanya), i dos mesos m\u00e9s tard arribava a l&#8217;Havana (Cuba) . De seguit els varen readre\u00e7ar a Veracruz (M\u00e8xic), el port d&#8217;on sortien totes les expedicions que anaven cap al nord del Pac\u00edfic. Hi varen arribar el mes d&#8217;agost. El capit\u00e0 Pere d&#8217;Albern\u00ed viatjava amb ells.<\/p>\n\n\n\n<p>Una vegada a Veracruz (M\u00e8xic), aquest mateix cos militar va \u00e9sser destinat a diferents parts de la col\u00f2nia de Nova Espanya establint la seva caserna o seu general a la ciutat de Guadalajara (M\u00e8xic), a les costes del Pac\u00edfic. Molts d&#8217;ells els podem trobar participant, m\u00e9s tard, a les campanyes de Sonora, a Real del Monte (Pachuca), a Tepic (Nayarit) i al port de San Blas de M\u00e8xic.<\/p>\n\n\n\n<p>L&#8217;any 1769, alguns d&#8217;aquests homes dels Voluntaris de Catalunya, els trobem formant part de les primeres expedicions a l&#8217;Alta California i estan presents en les descobertes de San Diego, Monterrey i San Francisco, sota el comandament del Capit\u00e0 Pere Fages i d&#8217;en Gaspar de Portola, cuidant de la seguretat de tota la gent i ajudant a construir els presidis, les missions i els primers poblats.<\/p>\n\n\n\n<p>El 12 de novembre del 1772, i per ordres que rep de la metr\u00f2poli, el Virrei Bucareli forma dues companyies d&#8217;aquest cos militar. La primera, que es trobaria comandada m\u00e9s tard per en Pere d&#8217;Albern\u00ed i la segona sota el comandament d&#8217;en Pere Fages. Cadascuna d&#8217;aquestes companyies formada per 3 Oficials i 80 homes.<\/p>\n\n\n\n<p>El Virrei de Nova Espanya envi\u00e0 una ordre, a finals del mes d&#8217;agost del 1789, al Capit\u00e0 d&#8217;Albern\u00ed a Guadalajara, on es trobava amb la seva companyia, perqu\u00e8 es prepar\u00e9s per formar part de l&#8217;expedici\u00f3 de Francisco de Eliza a les costes del nord-oest del Pac\u00edfic. Aquesta expedici\u00f3 tenia com a missi\u00f3 explorar i pendre possessi\u00f3 per a la Corona Espanyola dels llocs on anaven i restablir el Fort de Nootka Sound. L&#8217;expedici\u00f3 de Eliza estava composta de tres vaixells: la fragata &#8220;CONCEPCI\u00d3N&#8221;, sota el comandament d&#8217;Eliza, el paquebot&nbsp;<a href=\"http:\/\/www.casalcatala.ca\/ca\/historia\/historia-del-casal\/vaixells-176.html\">&#8220;SAN CARLOS&#8221;&nbsp;<\/a>sota el comandament d&#8217;en Salvador Fidalgo Lopegarcia i la balandrae &#8220;PRINCESA REAL&#8221;, sota el comandament d&#8217;en Manuel Quimper. Sortia aquesta expedici\u00f3, dels tres vaixells junt amb la Companyia dels Voluntaris de Catalunya, el 3 de febrer del 1790 del port de San Blas (M\u00e8xic). Un any m\u00e9s tard arribava tamb\u00e9 al Port de Nootka Sound la fragata &#8220;Princesa&#8221; sota el comandament d&#8217;en Jacinto Cama\u00f1o.<\/p>\n\n\n\n<p>D&#8217;Albern\u00ed va tenir molts problemes per preparar b\u00e9 als seus homes per aquesta missi\u00f3, ja que no tenien roba ni sabetes adients pels llocs freds a on anaven destinats i tamb\u00e9 necessitaven armes. Per poder obtenir tot aix\u00f2, es va discutir amb un bur\u00f2crata espanyol i llavors va \u00e9sser castigat a viatjar tot el cam\u00ed dins de la seva cabina. L&#8217;expedici\u00f3 arrib\u00e0 a Nootka Sound el dia 4 o 5 d&#8217;abril de l&#8217;any 1790.<\/p>\n\n\n\n<p>D&#8217;Albern\u00ed va organitzar els treballs de la construcci\u00f3 del Fort o establiment de Nootka Sound. Prepar\u00e0 les defenses del mateix, constru\u00ed una bateria de canons San Miguel. Va fer construir barraques per vivendes, casa pel comandant, magatzems i un hospital, va plantar el primer hort, va restablir les relacions amb els nadius d&#8217;aquests llocs i va destinar els seus homes a acompanyar a les expedicions que sortien de Nootka Sound per explorar tota aquesta part del Pac\u00edfic. La Companyia de Voluntaris de Catalunya i el seu Capit\u00e0 d&#8217;Albern\u00ed varen passar-se m\u00e9s de dos anys destinats al Fort de Nootka Sound. D&#8217;Albern\u00ed va veure morir a molts dels seus homes pel clima fred, poc sol i la gran quantitat de pluges d&#8217;aquests llocs, de quasi 80 que varen partir nom\u00e9s varen tornar 59.<\/p>\n\n\n\n<p>El Capit\u00e0 Pere d&#8217;Albern\u00ed havia entrat al cos dels &#8220;Voluntaris de Catalunya&#8221; com a cadet, el 17 de juliol del 1762, arribava a Tinent Coronel graduat i deix\u00e0 aquest cos militar el desembre de l&#8217;any 1800. D&#8217;Albern\u00ed havia nascut a Tortosa (Catalunya) el dia 30 de gener del 1747 i mor\u00ed a Monterrey (California) l&#8217;11 de mar\u00e7 del 1802. En el moment de la seva mort era comandant dels quatre presidis de California (San Diego, San Francisco, Santa Barbara i Monterrey) i havia estat tamb\u00e9, per poc temps, Governador inter\u00ed de California. Quan en Pere d&#8217;Albern\u00ed mor\u00ed (un 11 de mar\u00e7 del 1802 a Monterrey), el seu c\u00e0rrec de Capit\u00e0 dels &#8220;Voluntaris de Catalunya&#8221; pass\u00e0 al seu Tinent, Jos\u00e9 Font.<\/p>\n\n\n\n<p>Aquests homes de la &#8220;Companyia dels Voluntaris de Catalunya&#8221;, sota el comandament d&#8217;en Pere d&#8217;Albern\u00ed , van fer no nom\u00e9s de militars sino tamb\u00e9 de mariners i d&#8217;exploradors i varen \u00e9sser presents a les seg\u00fcents exploracions del nord-oest del Pac\u00edfic i Alaska:<\/p>\n\n\n\n<ul class=\"wp-block-list\">\n<li>Quinze militars a les exploracions de l&#8217;any 1790 a Alaska, fins a l&#8217;Illa de Kodiak, amb el paquebot &#8220;San Carlos&#8221; a les ordres d&#8217;en Salvador Fidalgo (nascut a la Seu d&#8217;Urgell).<\/li>\n\n\n\n<li>Quinze militars a les exploracions de l&#8217;any 1791 amb la fragata &#8220;Princesa&#8221; sota el comandament d&#8217;en Jos\u00e9 Maria Narvaez, explorant lo que \u00e9s avui l&#8217;Estret de Georgia i l&#8217;Estret Juan de Fuca, arribant al que avui \u00e9s el lloc de la ciutat de Vancouver un any abans que el Capit\u00e0 Vancouver.<\/li>\n\n\n\n<li>Quinze militars a les exploracions de l&#8217;any 1792 amb Fidalgo i la fragata &#8220;Princesa&#8221; per establir el Fort o establiment espanyol a Neah Bay a l&#8217;entrada de l&#8217;Estret de Juan de Fuca.<\/li>\n\n\n\n<li>Deu militars a l&#8217;exploraci\u00f3 d&#8217;Alaska (Monta\u00f1a de San Elias), l&#8217;any 1791.<\/li>\n\n\n\n<li>Tretze militars a les exploracions amb la fragata &#8220;Aranzazu&#8221;, comandats per Jacinto Cama\u00f1o, per tota la costa de la British Columbia i part d&#8217;Alaska l&#8217;any 1792, Cama\u00f1o batejava una Illa amb el nom de Compa\u00f1\u00eda (Campania Island) , situada als 53 graus, 5&#8243;latitud nord, l29 graus. 25&#8242; longitud oest. (British Columbia) en honor d&#8217;aquest cos militar.<\/li>\n\n\n\n<li>Deu militars a la goleta &#8220;Activa&#8221; de l&#8217;expedici\u00f3 d&#8217;en Bodega-Quadra de l&#8217;any 1792, quan aquest va arribar a Nootka Sound i va fer explorar els voltants d&#8217;on es trobava situat el Fort.<\/li>\n\n\n\n<li>Tres militars a la goleta &#8220;Mexicana&#8221; de l&#8217;expedici\u00f3 d&#8217;Alcal\u00e1-Galiano i Vald\u00e9s explorant l&#8217;Estret de Georgia i circumnavegant l&#8217;Illa de Vancouver l&#8217;any 1792.<\/li>\n\n\n\n<li>Catorze militars es varen quedar al Fort de Nootka Sound quan el Capit\u00e0 Pere d&#8217;Albern\u00ed tornava a San Blas el juny del 1792 i varen \u00e9sser rellevats el mes de juny del 1794.<\/li>\n<\/ul>\n\n\n\n<p>Despr\u00e9s de l&#8217;estada d&#8217;aquesta companyia al Fort de Nootka Sound, varen \u00e9sser destinats, molts d&#8217;ells amb el seu Capit\u00e0, a la fortificaci\u00f3 de San Juan de Ula (Veracruz), a l&#8217;Alta California i a lluitar contra els insurrectes de M\u00e8xic, i com sigui que la Companyia havia perdut molts homes durant aquests anys de serveis des del 1767, l&#8217;any 1815 els militars que quedaven varen \u00e9sser incorporats a altres cossos militars.<\/p>\n\n\n\n<p>Els homes que formaven la &#8220;Companyia Colonial dels Voluntaris de Catalunya&#8221; s&#8217;havien distingit sempre per la seva noblesa, prestigi, disciplina i lleialtat. Durant els anys a Am\u00e8rica varen \u00e9sser felicitats moltes vegades pels seus \u00e8xits com a militars.<\/p>\n\n\n\n<p><em>Angelina Mir\u00f3<br>Coordinadora de la comissi\u00f3 del Bicentenari de la mort d\u2019en Pere d\u2019Albern\u00ed<\/em><\/p>\n\n\n\n<hr class=\"wp-block-separator has-alpha-channel-opacity\"\/>\n\n\n\n<p><strong>Bibliografia<\/strong><\/p>\n\n\n\n<p>Dades tretes del:<\/p>\n\n\n\n<ul class=\"wp-block-list\">\n<li>Arxiu de Simancas (Espanya).<\/li>\n\n\n\n<li>Museo Naval de Madrid (Espanya).<\/li>\n\n\n\n<li>California Historical Society de San Francisco, California (USA). De l&#8217;article: &#8220;Soldados de Nootka. Tropas Coloniales espa\u00f1olas en Canad\u00e1 a finales del siglo XVIII&#8221;, per Rene Chartrand, Canad\u00e1.<\/li>\n\n\n\n<li>Dibuix d&#8217;un Voluntari de Catalunya per David Rickman,<\/li>\n\n\n\n<li>Manuscrit: &#8220;Pedro de Alberni-Los viajes de un Capit\u00e1n de los Voluntarios de Catalu\u00f1a al Virreinato de Nueva Espa\u00f1a y a la costa del noroeste del Pac\u00edfico&#8221; per Angelina Mir\u00f3.<\/li>\n\n\n\n<li>Tesis: &#8220;Pedro de Alberni , The Catalonian Volunteers and the Spanish Claim to Nootka&#8221; per Jos\u00e9 P. S\u00e1nchez.<\/li>\n<\/ul>\n","protected":false},"excerpt":{"rendered":"<p>Aquest cos militar es va formar el 12 de maig del 1762, arrel de la intervenci\u00f3 del rei Carles III a la Guerra dels Set Anys (1756-1763), i la seva&hellip;<\/p>\n","protected":false},"author":1,"featured_media":0,"comment_status":"closed","ping_status":"closed","sticky":false,"template":"","format":"standard","meta":{"footnotes":""},"categories":[13],"tags":[],"class_list":["post-251","post","type-post","status-publish","format-standard","hentry","category-pcpn"],"_links":{"self":[{"href":"https:\/\/casalcatala.ca\/CAT\/wp-json\/wp\/v2\/posts\/251","targetHints":{"allow":["GET"]}}],"collection":[{"href":"https:\/\/casalcatala.ca\/CAT\/wp-json\/wp\/v2\/posts"}],"about":[{"href":"https:\/\/casalcatala.ca\/CAT\/wp-json\/wp\/v2\/types\/post"}],"author":[{"embeddable":true,"href":"https:\/\/casalcatala.ca\/CAT\/wp-json\/wp\/v2\/users\/1"}],"replies":[{"embeddable":true,"href":"https:\/\/casalcatala.ca\/CAT\/wp-json\/wp\/v2\/comments?post=251"}],"version-history":[{"count":2,"href":"https:\/\/casalcatala.ca\/CAT\/wp-json\/wp\/v2\/posts\/251\/revisions"}],"predecessor-version":[{"id":466,"href":"https:\/\/casalcatala.ca\/CAT\/wp-json\/wp\/v2\/posts\/251\/revisions\/466"}],"wp:attachment":[{"href":"https:\/\/casalcatala.ca\/CAT\/wp-json\/wp\/v2\/media?parent=251"}],"wp:term":[{"taxonomy":"category","embeddable":true,"href":"https:\/\/casalcatala.ca\/CAT\/wp-json\/wp\/v2\/categories?post=251"},{"taxonomy":"post_tag","embeddable":true,"href":"https:\/\/casalcatala.ca\/CAT\/wp-json\/wp\/v2\/tags?post=251"}],"curies":[{"name":"wp","href":"https:\/\/api.w.org\/{rel}","templated":true}]}}