{"id":282,"date":"2025-02-05T07:07:03","date_gmt":"2025-02-04T23:07:03","guid":{"rendered":"https:\/\/casalcatala.ca\/CAT\/?p=282"},"modified":"2025-10-23T06:09:14","modified_gmt":"2025-10-22T22:09:14","slug":"tomas-de-suria","status":"publish","type":"post","link":"https:\/\/casalcatala.ca\/CAT\/2025\/02\/05\/tomas-de-suria\/","title":{"rendered":"Tom\u00e0s de Suria"},"content":{"rendered":"\n<p>Tom\u00e0s de Suria va n\u00e8ixer a Enguera, Val\u00e8ncia. Va formar part com a dibuixant de l&#8217;Expedici\u00f3 d&#8217;Alejandro Malaspina. Al Museo Naval de Madrid hi han diversos dibuixos d&#8217;ell, fets quan va visitar les costes de la Col\u00fambia Brit\u00e0nica i Alaska amb l&#8217;Expedici\u00f3 de Malaspina. Entre aquests dibuixos destaca el retrat, magn\u00edfic d&#8217;en Maquinna, Cap de la tribu NUU-CHAH-NULTH (Nootka) de les Primeres Nacions del Canad\u00e0. Aquest dibuix al va fer Suria l&#8217;any 1791 quan va visitar el Fort de Nootka Sound. Quan va tornar a la ciutat de M\u00e8xic va escriure un diari del seu viatge i despr\u00e9s d&#8217;un any tornava a treballar com a gravador a la Casa de la Moneda de M\u00e8xic.<\/p>\n\n\n\n<p>Tom\u00e0s de Suria, abans de marxar amb Malaspina, ja s&#8217;havia distingit a l&#8217;escola de Bellas Artes de San Carlos de M\u00e8xic. El seu mestre, Jer\u00f3nimo Antonio Gil, no s&#8217;havia equivocat quan entre els molts alumnes de l&#8217;Acad\u00e8mia de Bellas Artes de San Fernando de Madrid, seleccion\u00e0 a Tom\u00e0s , encara un xicot de 15 anys, junt amb un altre il\u00b7lustre valenci\u00e0 , Jos\u00e9 Esteve Villar, per fundar l&#8217;Academia de San Carlos en capital virregnal. El zamor\u00e0 Jer\u00f3nimo Antonio Gil va arribar a M\u00e8xic amb els seus dos deixebles a finals de l&#8217;any 1778 i a l&#8217;any seg\u00fcent fundaren una Escola de Gravat.<\/p>\n\n\n\n<p>L&#8217;Academia de Bellas Artes de San Carlos Borromeo (patr\u00f3 del rei Carles III) va \u00e9sser autoritzada un 18 de novembre del 1784 i el professorat de l&#8217;Academia es va nodrir de la seua hom\u00f2nima de Val\u00e8ncia, comptant, en un principi, amb eminents professors vinguts d&#8217;aquell regne: Manuel Tols , Rafael Ximeno i Planes, Jos\u00e9 Joaqu\u00edn Fabregat i Pedro Vicente Rodr\u00edguez. A la mort del mestre, Tom\u00e0s de Suria hauria de succeir-lo com a Gravador Major (Eduardo B\u00e1ez: &#8220;Gu\u00eda del Archivo de la Academia de San Carlos&#8221;. UNAM. M\u00e8xic, 1972)<\/p>\n\n\n\n<p>Encara que la informaci\u00f3 sobre els primers anys de Suria \u00e9s molt escassa i plena de contradiccions, probablement va n\u00e8ixer a Enguera, a la Canal de Navarr\u00e9s. Altres autors assenyalen com Tavernes Blanques, prop de Val\u00e8ncia, el seu lloc de neixement (Arsenio Rey Tejerina: &#8220;Tom\u00e0s de Suria l&#8217;Expedici\u00f3 Malaspina&#8221;. Generalitat Valenciana. Val\u00e8ncia, 1995), mentres que el castellonenc Enric Soler i God\u00e9s afirm\u00e0 en un petit estudi (&#8220;Valencians a M\u00e8xic&#8221;) que Tom\u00e0s va n\u00e8ixer a Val\u00e8ncia el 14 d&#8217;abril del 1761.<\/p>\n\n\n\n<p>Tot el que sabem \u00e9s que un 15 de desembre del 1788 Tom\u00e0s contreia matrimoni amb Mar\u00eda Josefa Fern\u00e1ndez de Mendoza, de fam\u00edlia ben acomodada en la capital verregnal. Estava ja ben a prop d&#8217;allistar-se a la c\u00e8lebre Expedici\u00f3 Malaspina.<\/p>\n\n\n\n<p>Angelina Mir\u00f3<br>Coordinadora de la comissi\u00f3 del Bicentenari de la mort d\u2019en Pere d\u2019Albern\u00ed<\/p>\n","protected":false},"excerpt":{"rendered":"<p>Tom\u00e0s de Suria va n\u00e8ixer a Enguera, Val\u00e8ncia. Va formar part com a dibuixant de l&#8217;Expedici\u00f3 d&#8217;Alejandro Malaspina. Al Museo Naval de Madrid hi han diversos dibuixos d&#8217;ell, fets quan&hellip;<\/p>\n","protected":false},"author":1,"featured_media":0,"comment_status":"closed","ping_status":"closed","sticky":false,"template":"","format":"standard","meta":{"footnotes":""},"categories":[13],"tags":[],"class_list":["post-282","post","type-post","status-publish","format-standard","hentry","category-pcpn"],"_links":{"self":[{"href":"https:\/\/casalcatala.ca\/CAT\/wp-json\/wp\/v2\/posts\/282","targetHints":{"allow":["GET"]}}],"collection":[{"href":"https:\/\/casalcatala.ca\/CAT\/wp-json\/wp\/v2\/posts"}],"about":[{"href":"https:\/\/casalcatala.ca\/CAT\/wp-json\/wp\/v2\/types\/post"}],"author":[{"embeddable":true,"href":"https:\/\/casalcatala.ca\/CAT\/wp-json\/wp\/v2\/users\/1"}],"replies":[{"embeddable":true,"href":"https:\/\/casalcatala.ca\/CAT\/wp-json\/wp\/v2\/comments?post=282"}],"version-history":[{"count":2,"href":"https:\/\/casalcatala.ca\/CAT\/wp-json\/wp\/v2\/posts\/282\/revisions"}],"predecessor-version":[{"id":462,"href":"https:\/\/casalcatala.ca\/CAT\/wp-json\/wp\/v2\/posts\/282\/revisions\/462"}],"wp:attachment":[{"href":"https:\/\/casalcatala.ca\/CAT\/wp-json\/wp\/v2\/media?parent=282"}],"wp:term":[{"taxonomy":"category","embeddable":true,"href":"https:\/\/casalcatala.ca\/CAT\/wp-json\/wp\/v2\/categories?post=282"},{"taxonomy":"post_tag","embeddable":true,"href":"https:\/\/casalcatala.ca\/CAT\/wp-json\/wp\/v2\/tags?post=282"}],"curies":[{"name":"wp","href":"https:\/\/api.w.org\/{rel}","templated":true}]}}