{"id":294,"date":"2025-02-05T07:26:01","date_gmt":"2025-02-04T23:26:01","guid":{"rendered":"https:\/\/casalcatala.ca\/CAT\/?p=294"},"modified":"2025-02-05T07:26:31","modified_gmt":"2025-02-04T23:26:31","slug":"el-francisca-fra-joan-crespi-i-fiol","status":"publish","type":"post","link":"https:\/\/casalcatala.ca\/CAT\/2025\/02\/05\/el-francisca-fra-joan-crespi-i-fiol\/","title":{"rendered":"El francisc\u00e0 Fra Joan Cresp\u00ed I Fiol"},"content":{"rendered":"\n<p>Va n\u00e8ixer a Mallorca, l&#8217;1 de Mar\u00e7 del 1721. Ordenat el 1746 com a francisc\u00e0, va col.laborar amb Fra Ginebre Serra a la Universitat Lul.liana de Ciutat de Mallorca. Vers l\u2019any 1750 va ser enviat a la Missi\u00f3 de Sierra Gorda a M\u00e8xic.<\/p>\n\n\n\n<p>Va ser cronista oficial de l\u2019expedici\u00f3 de Gaspar de Portol\u00e0 a California i va formar part de la columna que va descobrir la badia de San Francisco i el port de Monterrey i va fer tamb\u00e9 la cr\u00f2nica de l\u2019expedici\u00f3. L\u2019any 1774, juntament amb&nbsp;<a href=\"http:\/\/www.casalcatala.ca\/ca\/catalans-a-la-british-columbia\/joan-perez-hernandez-primer-navegant-blanc-costes-columbia-britanica-180.html\">Joan Perez Hernandez<\/a>, va prendre part en l\u2019expedici\u00f3 al poblat de Nootka, de l\u2019illa de Bodega i Quadra, avui Vancouver. Tamb\u00e9 va fer la cr\u00f2nica d\u2019aquesta expedici\u00f3.<\/p>\n\n\n\n<p>Segons el P. Engelhard, Fra Joan Cresp\u00ed, l\u2019any 1793, despr\u00e9s d\u2019aquells viatges, va ser destinat a la Missi\u00f3 de San Antonio situada a la part meridional de Monterrey.<\/p>\n\n\n\n<p>Francesc Badia i Batalla<br>Ex-Veguer Episcopal d&#8217;Andorra&nbsp;<\/p>\n\n\n\n<p><a href=\"https:\/\/casalcatala.ca\/CAT\/2025\/02\/05\/acta-literal-de-la-partida-de-baptisme-de-fra-magi-catala-guasch\/https:\/\/casalcatala.ca\/CAT\/2025\/02\/05\/acta-literal-de-la-partida-de-baptisme-de-fra-magi-catala-guasch\/\">Partida de Naixement<\/a>\u00a0de Fra Joan Cresp\u00ed i Fiol.<\/p>\n\n\n\n<p><strong>Fonts\u00a0<\/strong><em>Gran Enciclop\u00e8dia Catalana i \u201cThe Holy Man of S. Clara\u201d, escrit en angl\u00e8s pel P. Ceferi Engelhardt.<\/em><strong>Fonts\u00a0<\/strong><em>Gran Enciclop\u00e8dia Catalana i \u201cThe Holy Man of S. Clara\u201d, escrit en angl\u00e8s pel P. Ceferi Engelhardt.<\/em><\/p>\n","protected":false},"excerpt":{"rendered":"<p>Va n\u00e8ixer a Mallorca, l&#8217;1 de Mar\u00e7 del 1721. Ordenat el 1746 com a francisc\u00e0, va col.laborar amb Fra Ginebre Serra a la Universitat Lul.liana de Ciutat de Mallorca. Vers&hellip;<\/p>\n","protected":false},"author":1,"featured_media":0,"comment_status":"closed","ping_status":"closed","sticky":false,"template":"","format":"standard","meta":{"footnotes":""},"categories":[13],"tags":[],"class_list":["post-294","post","type-post","status-publish","format-standard","hentry","category-pcpn"],"_links":{"self":[{"href":"https:\/\/casalcatala.ca\/CAT\/wp-json\/wp\/v2\/posts\/294","targetHints":{"allow":["GET"]}}],"collection":[{"href":"https:\/\/casalcatala.ca\/CAT\/wp-json\/wp\/v2\/posts"}],"about":[{"href":"https:\/\/casalcatala.ca\/CAT\/wp-json\/wp\/v2\/types\/post"}],"author":[{"embeddable":true,"href":"https:\/\/casalcatala.ca\/CAT\/wp-json\/wp\/v2\/users\/1"}],"replies":[{"embeddable":true,"href":"https:\/\/casalcatala.ca\/CAT\/wp-json\/wp\/v2\/comments?post=294"}],"version-history":[{"count":2,"href":"https:\/\/casalcatala.ca\/CAT\/wp-json\/wp\/v2\/posts\/294\/revisions"}],"predecessor-version":[{"id":296,"href":"https:\/\/casalcatala.ca\/CAT\/wp-json\/wp\/v2\/posts\/294\/revisions\/296"}],"wp:attachment":[{"href":"https:\/\/casalcatala.ca\/CAT\/wp-json\/wp\/v2\/media?parent=294"}],"wp:term":[{"taxonomy":"category","embeddable":true,"href":"https:\/\/casalcatala.ca\/CAT\/wp-json\/wp\/v2\/categories?post=294"},{"taxonomy":"post_tag","embeddable":true,"href":"https:\/\/casalcatala.ca\/CAT\/wp-json\/wp\/v2\/tags?post=294"}],"curies":[{"name":"wp","href":"https:\/\/api.w.org\/{rel}","templated":true}]}}