{"id":297,"date":"2025-02-05T07:28:00","date_gmt":"2025-02-04T23:28:00","guid":{"rendered":"https:\/\/casalcatala.ca\/CAT\/?p=297"},"modified":"2025-10-23T06:11:14","modified_gmt":"2025-10-22T22:11:14","slug":"joan-perez-hernandez-primer-navegant-europeu-a-les-costes-de-la-columbia-britanica","status":"publish","type":"post","link":"https:\/\/casalcatala.ca\/CAT\/2025\/02\/05\/joan-perez-hernandez-primer-navegant-europeu-a-les-costes-de-la-columbia-britanica\/","title":{"rendered":"Joan Perez Hernandez, primer navegant europeu a les costes de la Col\u00fambia Brit\u00e0nica"},"content":{"rendered":"\n<p>Segons els escrits dels frares franciscans Jun\u00edpero Serra i Francesc Palau, el pilot de la Marina Real espanyola i Alferes de Fragata, Joan Perez, era mallorqu\u00ed de la Ribera de Palma.<\/p>\n\n\n\n<p>Durant molts anys aquest pilot va fer la carrera a les Naus de Filipines, treball que el va preparar per \u00e9sser un dels millors pilots del Departament Mar\u00edtim de San Blas i per fer el viatje d&#8217;exploraci\u00f3 d&#8217;all\u00f2 que \u00e9s avui la costa canadenca de la Col\u00fambia Brit\u00e0nica. Perez va adquirir durant aquests anys que va viatjar pel Pac\u00edfic, d&#8217;Acapulco a Filipines i a l&#8217;inrev\u00e9s, grans coneixements dels corrents d\u2019aire, tant importants, per navegar per aquest oce\u00e0 amb les naus del segle XVIII.<\/p>\n\n\n\n<p>Quan Gaspar de Portol\u00e0 va preparar l\u2019expedici\u00f3 de 1769 per colonitzar i explorar les costes de l\u2019Alta California, la va dividir en quatre seccions, dues expedicions mar\u00edtimes i dues terrestres. Perez en va formar part tot comandant un dels dos vaixells. Va \u00e9sser per tant present en la descoberta de San Francisco i en la fundaci\u00f3 dels presidis i missions de San Diego, el maig i juliol del 1769, i de Monterrey el 3 de juny del 1770. Tenint l\u2019oportunitat de fer amistad amb els frares Serra i Cresp\u00ed, que tamb\u00e9 eren de Mallorca, com ell.<\/p>\n\n\n\n<p>A l\u2019expedici\u00f3 d\u2019en Portol\u00e0 a l&#8217;Alta California, hi anaven tamb\u00e9: la Segona Companyia dels Voluntaris de Catalunya d\u2019en Pere Fages, el militar Ferran de Rivera Moncada amb els seus soldats de cuir; el Doctor Pere Prat; un Oficial de la marina, Vicent Vila, Comandant de l\u2019altre nau, l\u2019enginyer Miquel Constanco i els frares franciscans Serra i Cresp\u00ed.<\/p>\n\n\n\n<p>L\u2019any 1771 el rei Carles III, va nomenar a l&#8217;Antonio Maria Bucareli, Virrei de la Col\u00f2nia de Nova Espanya (virrei del1771 al 1779) i amb ell el catal\u00e0 Melchor de Peremas ser\u00e0 el seu assessor. M\u00e9s tard, aquest virrei va rebre instrucciones del rei i del Ministeri de les \u00cdndies per preparar una expedici\u00f3 mar\u00edtima a la costa nord del Pac\u00edfic per comprovar si els russos estaven per aquells indrets, tal i com deia un diplom\u00e0tic espanyol destinat a la cort russa. El capit\u00e0 de la Flota Mar\u00edtima, Lu\u00eds de C\u00f3rdoba, resident a Veracruz, \u00e9s el que aconsell\u00e0 al virrei d\u2019escollir a Joan Perez, per la seva experi\u00e8ncia, com a comandant d\u2019aquesta expedici\u00f3, convertint-se aix\u00ed, en el primer home blanc en navegar per les costes desconegudes de la Col\u00fambia Brit\u00e0nica.<\/p>\n\n\n\n<p>El mes de desembre de 1773 l&#8217;expedici\u00f3 d\u2019en Perez es troba gaireb\u00e9 a punt. S&#8217;escolleix el vaixell&nbsp;<a href=\"http:\/\/www.casalcatala.ca\/upload\/image\/santiago.jpg\">Santiago<\/a>&nbsp;que portar\u00e0 de segon a l&#8217;Esteban Martinez i als frares franciscans Joan Cresp\u00ed i Tom\u00e1s de la Pe\u00f1a. Aquests \u00faltims seren recollits a Monterrey. A la nau s&#8217;hi carreguen provisions per quasi un any i al comandant Perez se li donen instruccions per prendre possessi\u00f3 de la nova terra descoberta, comprovar si hi han russos i tractar b\u00e9 als nadius. Es discuteix el millor temps per sortir a navegar i \u00e9s el 25 de gener quan la nau es fa a la mar. S&#8217;aturen a San Diego per deixar al frare Jun\u00edpero Serra, i a Monterrey per recollir els dos frares esmentats abans. L&#8217;expedici\u00f3 arriba quasi als 55 graus latitud nord un 11 de juliol del 1774. Prenent possessi\u00f3 per la Corona espanyola de la terra que veuen des del lloc a on han ancorat, i que \u00e9s avui una part de les Illes de la Reina Carlota (Haida Gwaii), anomenant-la Cap de Santa Margarida. El 22 de juliol i amb la tripulaci\u00f3 esgotada per la llarga navegaci\u00f3, el mal temps i els problemes de salut que tenen, el Comandant Perez d\u00f3na l\u2019ordre de virar cap al sud, arribant el 6 d&#8217;Agost del 1774 pels voltants del que \u00e9s avui l\u2019Illa de Nootka Sound, latitud 49 graus i 30 minuts latitud nord. Aqu\u00ed i degut al mal temps no poden encorar tampoc i ho fan a alta mar, batejant aquest lloc, que \u00e9s una badia, amb el nom de Sant Lloren\u00e7.<\/p>\n\n\n\n<p>Diu la llegenda dels nadius de les costes de la Col\u00fambia Brit\u00e0nica que quan aquests varen veure el vaixell a l&#8217;horitz\u00f3 varen sortir corrents de les seves cases per amagar-se al bosc, ja que creien que era un dels seus D\u00e9us que tornava per castigar-los. Una vegada comprovat que no era aix\u00ed varen acostar-se al vaixell amb canoes per donar la benviguda a la tripulaci\u00f3. D&#8217;aquest primer contacte comen\u00e7\u00e0 el que m\u00e9s tard seria el negoci d&#8217;intercanvi entre els nadius i la gent vinguda de fora.<\/p>\n\n\n\n<p>A la cerim\u00f2nia de benvinguda, hi va haver intercanvi de regals. Entre aquests hi han dues culleres de plata que quan el Capit\u00e0 Cook, dins del seu viatge al voltant del m\u00f3n, arrib\u00e0 a aquestes costes, les compr\u00e0 a un nadiu que les portava penjades al coll.<\/p>\n\n\n\n<p>L\u2019expedici\u00f3 d\u2019en Perez torna a San Blas, d&#8217;on havia sortit, el mes de novembre del 1774 haven parat abans a Monterrey i amb quasi tots els membres de la tripulaci\u00f3 malalts pel gran esfor\u00e7 fet i per l\u2019escorbut. Perez escriu un diari d&#8217;aquest viatge i el titula: Extracto del Diario de la Corbeta del rey nombrada Santiago, en su viaje desde el puerto de San Blas de California 1774 al reconocimiento de la costa hasta los 55 grados norte. Hi han tres diaris m\u00e9s d\u2019aquesta expedici\u00f3, un pel frare Joan Cresp\u00ed que descriu als nadius d\u2019aquest llocs i que s&#8217;ha convertit amb un cl\u00e0ssic pel coneixement de les Cultures del Pac\u00edfic nord-oest i de la forma en que vivien ara fa m\u00e9s de 200 anys enrere, un altre pel frare Tom\u00e1s de la Pe\u00f1a i el tercer per l&#8217;Esteban Martinez.<\/p>\n\n\n\n<p>Al seg\u00fcent any, o sigui el 1775, el virrei d\u00f3na l\u2019ordre d&#8217;enviar una altra expedici\u00f3 sota el comandament d\u2019en Bruno de Heceta per recon\u00e8ixer millor i cartografiar aquests nous llocs descoberts per Joan Perez.. Aquesta vegada s\u00f3n dos vaixells els que s&#8217;envien, el Santiago, en el que en Joan Perez va de segon i pilot, comandat per Heceta, i el Sonora, comandat per Juan Francisco de la Bodega-Quadra i pilotat per Francisco Antonio Mourelle. Aquesta expedici\u00f3 surt de San Blas el dia 16 de mar\u00e7 del 1775 i nom\u00e9s el Sonora arribar\u00e0 fins Alaska ja que el Santiago i degut al mal temps tornava a San Blas quan ja estava a l\u2019altitud de Nootka Sound, descobrint m\u00e9s endavant el riu Col\u00fambia. Aquesta expedici\u00f3 i l&#8217;anterior tenen molts problemes de navegaci\u00f3 pel mal temps i la salut per culpa dels menjars i de la manca de vitamina C, causant de l&#8217;escorbut.<\/p>\n\n\n\n<p>Com sigui que en Perez no estava completament restablert de l&#8217;esfor\u00e7 fet en el viatge de l&#8217;any 1774, quan el Santiago tornava cap a San Blas mor\u00ed en alta mar dos dies despr\u00e9s de deixar Monterrey, un 2 de novembre del 1775 i despr\u00e9s d&#8217;haver servit a la marina per m\u00e9s de 25 anys. El seu cos va \u00e9sser ofrenat a l&#8217;oce\u00e0 Pac\u00edfic que ell tan b\u00e9 coneixia, a on descansa per sempre m\u00e9s aquest pilot, i al que no se li ha donat la import\u00e0ncia que la seva descoberta va tenir per obrir el cam\u00ed a les futures expedicions espanyoles al nord del Pac\u00edfic. La not\u00edcia de la seva mort va \u00e9sser comunicada a la metr\u00f2polis un 26 d&#8217;abril del 1776.<\/p>\n\n\n\n<p>Perez tamb\u00e9 va escriure un diari d&#8217;aquest segon viatge, que es troba al Museo Naval de Madrid i que t\u00e9 algunes p\u00e0gines mutilades, potser pel comandant de l&#8217;expedicio Bruno de Heceta.<\/p>\n\n\n\n<p>Durant molts anys es va creure que l&#8217;expedici\u00f3 d&#8217;en Perez a les Costes de la Col\u00fambia Brit\u00e0nica no va produir cap mapa dels llocs on varen navegar. Doncs b\u00e9, a la Biblioteca del Congr\u00e9s de la ciutat de Washington, D.C., l&#8217;any 1988 es va trobar un mapa dibuixat per Jos\u00e9 Ca\u00f1izares i per ordre d&#8217;en Perez. \u00c9s el primer mapa fet d&#8217;aquests llocs.<\/p>\n\n\n\n<p>L&#8217;estiu del 1999 es va celebrar el 225 aniversari d&#8217;aquesta expedici\u00f3 a les costes d&#8217;aquesta prov\u00edncia canadenca, i per celebrar-ho la Royal Canadian Mint ha fet un d\u00f2lar de plata amb el vaixell Santiago.<\/p>\n\n\n\n<p>Angelina Mir\u00f3<br>Coordinadora de la comissi\u00f3 del Bicentenari de la mort d\u2019en Pere d\u2019Albern\u00ed<\/p>\n","protected":false},"excerpt":{"rendered":"<p>Segons els escrits dels frares franciscans Jun\u00edpero Serra i Francesc Palau, el pilot de la Marina Real espanyola i Alferes de Fragata, Joan Perez, era mallorqu\u00ed de la Ribera de&hellip;<\/p>\n","protected":false},"author":1,"featured_media":0,"comment_status":"closed","ping_status":"closed","sticky":false,"template":"","format":"standard","meta":{"footnotes":""},"categories":[13],"tags":[],"class_list":["post-297","post","type-post","status-publish","format-standard","hentry","category-pcpn"],"_links":{"self":[{"href":"https:\/\/casalcatala.ca\/CAT\/wp-json\/wp\/v2\/posts\/297","targetHints":{"allow":["GET"]}}],"collection":[{"href":"https:\/\/casalcatala.ca\/CAT\/wp-json\/wp\/v2\/posts"}],"about":[{"href":"https:\/\/casalcatala.ca\/CAT\/wp-json\/wp\/v2\/types\/post"}],"author":[{"embeddable":true,"href":"https:\/\/casalcatala.ca\/CAT\/wp-json\/wp\/v2\/users\/1"}],"replies":[{"embeddable":true,"href":"https:\/\/casalcatala.ca\/CAT\/wp-json\/wp\/v2\/comments?post=297"}],"version-history":[{"count":2,"href":"https:\/\/casalcatala.ca\/CAT\/wp-json\/wp\/v2\/posts\/297\/revisions"}],"predecessor-version":[{"id":465,"href":"https:\/\/casalcatala.ca\/CAT\/wp-json\/wp\/v2\/posts\/297\/revisions\/465"}],"wp:attachment":[{"href":"https:\/\/casalcatala.ca\/CAT\/wp-json\/wp\/v2\/media?parent=297"}],"wp:term":[{"taxonomy":"category","embeddable":true,"href":"https:\/\/casalcatala.ca\/CAT\/wp-json\/wp\/v2\/categories?post=297"},{"taxonomy":"post_tag","embeddable":true,"href":"https:\/\/casalcatala.ca\/CAT\/wp-json\/wp\/v2\/tags?post=297"}],"curies":[{"name":"wp","href":"https:\/\/api.w.org\/{rel}","templated":true}]}}