{"id":299,"date":"2025-02-05T07:29:14","date_gmt":"2025-02-04T23:29:14","guid":{"rendered":"https:\/\/casalcatala.ca\/CAT\/?p=299"},"modified":"2025-02-05T07:29:55","modified_gmt":"2025-02-04T23:29:55","slug":"joan-josep-de-la-creu-espi","status":"publish","type":"post","link":"https:\/\/casalcatala.ca\/CAT\/2025\/02\/05\/joan-josep-de-la-creu-espi\/","title":{"rendered":"Joan Josep de la Creu Esp\u00ed"},"content":{"rendered":"\n<p>V.P. JUAN-JOSE DE LA CRUZ ESPI, conocido generalmente por el P. Valencia, que n. en Valencia en 2-V-1763; v. el h. en la Obs. de S. Francisco en 1777, a la edad de 14 a\u00f1os, y enviado, a\u00f1os despu\u00e9s, a las Misiones de M\u00e9jico, se orden\u00f3 all\u00ed de sacerdote en 20-V-1787, comenzando un activo apostolado en bien de las almas.<\/p>\n\n\n\n<p>En 1791 penetr\u00f3 con otros compa\u00f1eros, en las Californias, donde su predicaci\u00f3n hizo gran fruto entre los indios y erigi\u00f3 una iglesia. En 1793 regres\u00f3 a M\u00e9jico y en 1800 pas\u00f3 a la isla de Cuba, residiendo primero en Trinidad, donde se acredit\u00f3 por su virtud y celo y fund\u00f3 un Convento de nuestra Orden; y despu\u00e9s, desde 1813, en Puerto Pr\u00edncipe, donde residi\u00f3 25 a\u00f1os, y dej\u00f3 imperecederos recuerdos de su paso, logrando fundar y dotar varios establecimientos ben\u00e9ficos con solo las limosnas que recog\u00eda (a saber los Hospitales del Carmen y San L\u00e1zaro de que sirvi\u00f3 de capell\u00e1n hasta su muerte).<\/p>\n\n\n\n<p>Muri\u00f3 en Puerto Pr\u00edncipe en 2-V-1838, con gran fama de santidad, y en 1851, como el arzobispo P. Claret quisiese ver sus restos, fu\u00e9 hallado su cad\u00e1ver incorrupto, como si acabase de ser enterrado, y en 1783 se imprimi\u00f3 su biograf\u00eda <\/p>\n\n\n\n<p><strong>Fonts\u00a0<\/strong><em>Text de l\u2019obra \u201cReligiosos Ilustres de las Ser\u00e1ficas Provincias de Valencia\u201d del P. Conrad Angel, O.F.M. Pel que sembla, segons la cita final, \u00e9s una transcripci\u00f3 del text de l\u2019Enciclop\u00e8dia Espasa<\/em>, tomo 22, p\u00e0g. 202.<\/p>\n","protected":false},"excerpt":{"rendered":"<p>V.P. JUAN-JOSE DE LA CRUZ ESPI, conocido generalmente por el P. Valencia, que n. en Valencia en 2-V-1763; v. el h. en la Obs. de S. Francisco en 1777, a&hellip;<\/p>\n","protected":false},"author":1,"featured_media":0,"comment_status":"closed","ping_status":"closed","sticky":false,"template":"","format":"standard","meta":{"footnotes":""},"categories":[13],"tags":[],"class_list":["post-299","post","type-post","status-publish","format-standard","hentry","category-pcpn"],"_links":{"self":[{"href":"https:\/\/casalcatala.ca\/CAT\/wp-json\/wp\/v2\/posts\/299","targetHints":{"allow":["GET"]}}],"collection":[{"href":"https:\/\/casalcatala.ca\/CAT\/wp-json\/wp\/v2\/posts"}],"about":[{"href":"https:\/\/casalcatala.ca\/CAT\/wp-json\/wp\/v2\/types\/post"}],"author":[{"embeddable":true,"href":"https:\/\/casalcatala.ca\/CAT\/wp-json\/wp\/v2\/users\/1"}],"replies":[{"embeddable":true,"href":"https:\/\/casalcatala.ca\/CAT\/wp-json\/wp\/v2\/comments?post=299"}],"version-history":[{"count":2,"href":"https:\/\/casalcatala.ca\/CAT\/wp-json\/wp\/v2\/posts\/299\/revisions"}],"predecessor-version":[{"id":301,"href":"https:\/\/casalcatala.ca\/CAT\/wp-json\/wp\/v2\/posts\/299\/revisions\/301"}],"wp:attachment":[{"href":"https:\/\/casalcatala.ca\/CAT\/wp-json\/wp\/v2\/media?parent=299"}],"wp:term":[{"taxonomy":"category","embeddable":true,"href":"https:\/\/casalcatala.ca\/CAT\/wp-json\/wp\/v2\/categories?post=299"},{"taxonomy":"post_tag","embeddable":true,"href":"https:\/\/casalcatala.ca\/CAT\/wp-json\/wp\/v2\/tags?post=299"}],"curies":[{"name":"wp","href":"https:\/\/api.w.org\/{rel}","templated":true}]}}