{"id":304,"date":"2025-02-05T07:32:14","date_gmt":"2025-02-04T23:32:14","guid":{"rendered":"https:\/\/casalcatala.ca\/CAT\/?p=304"},"modified":"2025-10-23T06:15:07","modified_gmt":"2025-10-22T22:15:07","slug":"salvador-fidalgo-un-altre-catala-a-la-historia-de-la-columbia-britanica","status":"publish","type":"post","link":"https:\/\/casalcatala.ca\/CAT\/2025\/02\/05\/salvador-fidalgo-un-altre-catala-a-la-historia-de-la-columbia-britanica\/","title":{"rendered":"Salvador Fidalgo, un altre catal\u00e0 a la hist\u00f2ria de la Col\u00fambia Brit\u00e0nica."},"content":{"rendered":"\n<p>Apart dels ja coneguts catalans que varen viatjar al que avui en dia es coneix com la prov\u00edncia canadenca de la Col\u00fambia Brit\u00e0nica, com ara<strong>&nbsp;Joan Perez i Hernandez&nbsp;<\/strong>el primer home blanc en navegar per aquestes costes canadenques junt amb el frare&nbsp;<strong>Juan Crespi Fiol<\/strong>&nbsp;l\u2019any 1774; el Capit\u00e0&nbsp;<strong>Pere d\u2019Albern\u00ed<\/strong>&nbsp;amb le Primera Companyia dels Voluntaris de Catalunya, acompanyant a l&#8217;Expedici\u00f3 d\u2019Eliza l\u2019any 1791; el cient\u00edfic<strong>&nbsp;Felip Bauca Canyes<\/strong>, dins de l&#8217;Expedici\u00f3 d\u2019en Malaspina l\u2019any 1791; el frare&nbsp;<strong>Mag\u00ed Catal\u00e0 i Guasch<\/strong>&nbsp;l\u2019any 1793-1794, vull donar a con\u00e8ixer, amb aquest article, a un altre catal\u00e0 important dins de l&#8217;exploraci\u00f3 de la Costa nord-oest del Pac\u00edfic. Ell va fer tres viatges per aquests llocs durant els anys 1790, 1792 i 1794,<\/p>\n\n\n\n<p>En Salvador Fidalgo va ser Capit\u00e0 de Fragata, explorador d\u2019Alaska, Comandant dels Forts espanyols de Nootka Sound i de Nu\u00f1ez Gaona (aquest \u00faltim a l\u2019entrada de l&#8217;Estret de Joan de Fuca, avui Neah Bay, E.U.A.) i Comandant inter\u00ed del Departament Mar\u00edtim de San Blas, quan el titul.lar es trobava malalt.<\/p>\n\n\n\n<p>Havia nascut l\u2019any 1756 a la ciutat lleidatana de L\u2019Urgell, i mor\u00ed al poble de Tacubaya, M\u00e8xic, el 27 de setembre de 1803, segons consta en la comunicaci\u00f3 del Virrei de Nova Espanya, Jos\u00e9 Iturrigaray, a la metr\u00f2poli.<\/p>\n\n\n\n<p>Fidalgo havia ingresat a la Escola de Guardiasmarins de Cadis, obtenint el t\u00edtol de Guardiamarina el 25 d&#8217;octubre del 1775, el d\u2019 Alferes de Fragata el 3 de Mar\u00e7&nbsp; del 1776, el d\u2019 Alferes de Vaixell o navil.li el 27 de Maig del 1780, el de Tinent de Fragata el 21 de Desembre del 1782, el de Tinent de Vaixell el 7 de Juny del 1788 i el de Capit\u00e0 de Fragata el 25 de Gener del 1794. El varen destinar a les Col\u00f2nies Americanes l\u2019any 1789.<\/p>\n\n\n\n<p>Va sortir de Cadis el primer de juny del 1789 i un cop a Veracruz (M\u00e8xic) va passar a formar part de la plantilla dels Oficials de Marina destinats al Departament Mar\u00edtim de San Blas, M\u00e8xic, lloc d&#8217;on sortien totes les expedicions d\u2019exploraci\u00f3 cap el Pac\u00edfic nord.<\/p>\n\n\n\n<p>Abans de creuar l\u2019Atl\u00e0ntic va \u00e9sser destinat a diverses misions: a l&#8217;Illa portuguesa de Santa Catalina, al Port de Montevideo i Maldonado, al Canal de la M\u00e0niga, al Ferrol, a les Illes de Madeira, a Cadis i m\u00e9s tard va acompanyar al Capit\u00e0 de Vaixell, Vicente Tofi\u00f1o per fer els mapes de les costes i les illes de la Mediterr\u00e0nea. Fins l\u2019any 1788 va estar embarcat deu anys i destinat a missions de terra uns altres cinc anys, en tot aquest temps no va demanar mai cap perm\u00eds.<\/p>\n\n\n\n<p>Quan Fidalgo va passar al Departament Mar\u00edtim de San Blas i per ordre del Virrei de Nova Espanya, Revilla Gigedo, se li va donar el comandament del paquebot San Carlos i el Comandant de San Blas, Bodega-Quadra, li ordena que formes part de l&#8217;Expedici\u00f3 d&#8217;Eliza que va sortir de San Blas el mes de febrer del 1790 i que arribava a Nootka Sound el 4 o 5 de abril del 1790.<\/p>\n\n\n\n<p>Una vegada al Fort espanyol de Nootka Sound, el Comandant Eliza el va destinar a explorar Alaska d\u2019acord amb les ordres donades pel Virrei. Tot i comprovant al mateix temps que no havien establiments russos per aquells indrets. Fidalgo va cumplir les missions i va arribar fins els 60 graus de latitud nord, cartrografiant i prenent possessi\u00f3 per a la Corona espanyola de la nova terra que anava descobrint: Principe Guillermo ( Bahia de C\u00f3rdoba), Vald\u00e9s, Rivera de Cook i Revilla Gigedo. Fidalgo es trobava a la Illa de Kodiak el mes d\u2019agost i a partir d&#8217;aqu\u00ed va donar mitja volta per tornar al Port de Nootka Sound per\u00f2 el mal temps no el va deixar ancorar i va continuar fins al Port de San Blas, a on arribava el dia 14 de novembre del 1790.<\/p>\n\n\n\n<p>Junt amb Fidalgo viatjaven en aquesta expedici\u00f3: 15 soldats de la Companyia dels Voluntaris de Catalunya, el frare Jos\u00e9 L\u00f3pez, el metge Jose Morelos, el pilot Salvador Men\u00e9ndez, l\u2019int\u00e8rpret Salvador Mondofia (parlava rus) i uns quans mariners. Portaven tamb\u00e9 coure per comprar pells. El coure era molt important per als nadius dels llocs on anaven, donada la seva consideraci\u00f3 de moneda de canvi.<\/p>\n\n\n\n<p>A finals de maig i principis del juny del 1792, Fidalgo tornava a \u00e9sser a l&#8217;Estret de Juan Fuca amb l&#8217;ordre del Virrei i de Bodega-Quadra d&#8217;establir un altre fort en aquests llocs, la ra\u00f3 era que Espanya no estava segura de si podria continuar tenint la possessio del Fort de Nootka, ja que el seu futur s&#8217;estava decidint a les cancelleries espanyoles i angleses amb motiu de l&#8217;incident de Nootka Sound. Els espanyols volien assegurar-se de tenir un lloc per controlar l\u2019entrada de l&#8217;Estret de Joan de Fuca en cas de que haguessin de cedir el Fort de Nootka als anglesos. Amb Fidalgo anaven 89 persones, inclosos els 13 soldats de la Companyia dels Voluntaris de Catalunya, adem\u00e9s portaven tamb\u00e9 provisions per m\u00e9s d&#8217;un any.<\/p>\n\n\n\n<p>Una vegada escollit el lloc (que avui \u00e9s Neah Bay-E.U.A.), Fidalgo va fer construir cases, barraques, un forn, una forja, un hort, portaven tamb\u00e9 animals, etc.- estava muntat molt semblant al de Nootka Sound i li va posar el nom de N\u00fa\u00f1ez Gaona, tot plantant la bandera espanyola a la platja.<\/p>\n\n\n\n<p>Entre d&#8217;altres fets que van passar mentre va estar en \u00fas, cal destacar l&#8217;arribada el 31 d\u2019agost de l&#8217;expedici\u00f3 d&#8217;Alcal\u00e1 Galiano i Vald\u00e9s, que venien en nom d\u2019en Bodega-Quadra (en aquelles dates Bodega era el Comandant de Nootka Sound) per comprovar si el Fort i el lloc on es ttrobava situat eren bons.<\/p>\n\n\n\n<p>M\u00e9s tard el seu pilot, Antonio Serrantes, va sortir sol del Fort i els indis el van matar, quan es va trobar el seu cos, dues canoes plenes d&#8217;indis varen acostar-se al Fort, i Fidalgo va fer disparar els canons matan-los a quasi tots, aquest incident va \u00e9sser criticat pels indis del lloc del Fort , per Maquinna i pel virrei, per\u00f2 Fidalgo va al.legar que ho havia fet en defensa de la vida dels seus homes.<\/p>\n\n\n\n<p>Tamb\u00e9 va arribar el vaixell Sta. Gertrudis, comandat per l&#8217;Alonso de Torres Guerra. La ra\u00f3 era celebrar una reuni\u00f3 amb Fidalgo per decidir la sort d&#8217;aquest establiment, no hi va haver acord i varen deixar que fos Bodega-Quadra el que decid\u00eds la sort del mateix. Aix\u00f2 no es va fer esperar massa,&nbsp; ja que Fidalgo va rebre l\u2019ordre d\u2019en Bodega-Quadra per desmuntar-lo i una vegada fet aix\u00f2 anar-se&#8217;n per fer-se c\u00e0rrec del comandament del Fort de Nootka, la qual cosa va fer durant tot l\u2019hivern del 1792-1793,&nbsp; ja que bodega-Quadra tornava a San Blas.<\/p>\n\n\n\n<p>Fidalgo va improvisar algunes coses en la defensa del Fort de Nookta, com a construir un magatzem de p\u00f3lvora i fortificar la caserna. Una vegada fet tot aix\u00f2 deixava el Fort de Nootka en mans de Ram\u00f3n Saavedra, l&#8217;1 de maig del 1793.<\/p>\n\n\n\n<p>M\u00e9s tard, Fidalgo, al deixar el Fort de Nootka Sound, va passar al Port de Bodega (California) per mirar d\u2019establir un fort espanyol que tingu\u00e9s comunicaci\u00f3 per terra amb la fortificaci\u00f3 o Fort de San Francisco. No es va arribar a fer per les males condicions del terreny i llavors va tornar a San Blas.<\/p>\n\n\n\n<p>L\u2019any 1794 tornava a marxar cap a Nootka Sound acompanyant al Brigadier Jos\u00e9 Maria de Alava amb el vaixell Princesa, per mirar de donar una soluci\u00f3 a la tercera Convenci\u00f3 de la &#8220;Controv\u00e8rsia de Nootka Sound&#8221; i tornant al Port de San Blas el Mar\u00e7 del 1795. Arribava a aquest lloc esgotat i malalt. Sembla ser que els aires de Nootka no eren massa bons pels catalans, ja que el Capit\u00e0 Pere d\u2019Albern\u00ed tamb\u00e9 va tornar malalt l\u2019any 1792<\/p>\n\n\n\n<p>Un cop recuperat va rebre l\u2019ordre del Virrei Branciforte de sortir de San Blas el mes de desembre del 1795 i anar a les Filipines a portar documents diplom\u00e0tics. Una vegada acabada aquesta missi\u00f3 va tornar a San Blas amb la seva salut un altre vegada tocada. El Virrei Branciforte el felicit\u00e0 pel treball encarregat i ben fet.<\/p>\n\n\n\n<p>El 16 de mar\u00e7 del 1799 feia una queixa al Virrei Jos\u00e9 de Azanza, molt confidencial, per la manera que es portava el Departament de Marina i per la forma en que es feien servir els vaixells de la Corona, per aquesta queixa ens podem adonar de la seva honestedat i servei al seu cos.<\/p>\n\n\n\n<p>Despr\u00e9s de recuperar-se va \u00e9sser destinat, a principis del 1801 a lluitar contra els indis de les illes Tiburon i Tepic. Va sortir amb 3 vaixells, i despr\u00e9s de defugir la persecuci\u00f3 anglesa va poder capturar m\u00e9s tard als capitostes dels indis a les rodalies de Tepic, va \u00e9sser felicitat tamb\u00e9 pel seu triomf i la seva estrat\u00e8gia militar.<\/p>\n\n\n\n<p>Va morir esgotat servin i deixant ben alt el Cos de Marina i la Corona espanyola, el 27 de setembre del 1803, lluny de la terra que el va veure n\u00e8ixer i que no va poder trepijar mai m\u00e9s des de la seva arribada a Am\u00e8rica.<\/p>\n\n\n\n<hr class=\"wp-block-separator has-alpha-channel-opacity\"\/>\n\n\n\n<p>Dades extretes de la fulla de serveis i altre documentaci\u00f3 del Museo Naval de Madrid.<\/p>\n\n\n\n<p>Top\u00f2nims amb el nom de&nbsp;<a href=\"https:\/\/casalcatala.ca\/CAT\/2025\/02\/05\/toponims-dorigen-catala-a-la-costa-nord-oest-damerica\/\">Fidalgo<\/a>.<\/p>\n\n\n\n<p><a href=\"https:\/\/casalcatala.ca\/CAT\/2025\/02\/05\/acta-literal-de-la-partida-de-baptisme-de-salvador-fidalgo\/\">Partida de Naixement<\/a>&nbsp;d&#8217;en Fidalgo<\/p>\n\n\n\n<p><em>Angelina Mir\u00f3<br>Coordinadora de la comissi\u00f3 del Bicentenari de la mort d\u2019en Pere d\u2019Albern\u00ed<\/em><\/p>\n","protected":false},"excerpt":{"rendered":"<p>Apart dels ja coneguts catalans que varen viatjar al que avui en dia es coneix com la prov\u00edncia canadenca de la Col\u00fambia Brit\u00e0nica, com ara&nbsp;Joan Perez i Hernandez&nbsp;el primer home&hellip;<\/p>\n","protected":false},"author":1,"featured_media":0,"comment_status":"closed","ping_status":"closed","sticky":false,"template":"","format":"standard","meta":{"footnotes":""},"categories":[13],"tags":[],"class_list":["post-304","post","type-post","status-publish","format-standard","hentry","category-pcpn"],"_links":{"self":[{"href":"https:\/\/casalcatala.ca\/CAT\/wp-json\/wp\/v2\/posts\/304","targetHints":{"allow":["GET"]}}],"collection":[{"href":"https:\/\/casalcatala.ca\/CAT\/wp-json\/wp\/v2\/posts"}],"about":[{"href":"https:\/\/casalcatala.ca\/CAT\/wp-json\/wp\/v2\/types\/post"}],"author":[{"embeddable":true,"href":"https:\/\/casalcatala.ca\/CAT\/wp-json\/wp\/v2\/users\/1"}],"replies":[{"embeddable":true,"href":"https:\/\/casalcatala.ca\/CAT\/wp-json\/wp\/v2\/comments?post=304"}],"version-history":[{"count":3,"href":"https:\/\/casalcatala.ca\/CAT\/wp-json\/wp\/v2\/posts\/304\/revisions"}],"predecessor-version":[{"id":472,"href":"https:\/\/casalcatala.ca\/CAT\/wp-json\/wp\/v2\/posts\/304\/revisions\/472"}],"wp:attachment":[{"href":"https:\/\/casalcatala.ca\/CAT\/wp-json\/wp\/v2\/media?parent=304"}],"wp:term":[{"taxonomy":"category","embeddable":true,"href":"https:\/\/casalcatala.ca\/CAT\/wp-json\/wp\/v2\/categories?post=304"},{"taxonomy":"post_tag","embeddable":true,"href":"https:\/\/casalcatala.ca\/CAT\/wp-json\/wp\/v2\/tags?post=304"}],"curies":[{"name":"wp","href":"https:\/\/api.w.org\/{rel}","templated":true}]}}