{"id":332,"date":"2024-03-24T08:05:53","date_gmt":"2024-03-24T00:05:53","guid":{"rendered":"https:\/\/casalcatala.ca\/CAT\/?p=332"},"modified":"2025-02-05T08:07:49","modified_gmt":"2025-02-05T00:07:49","slug":"berenar-de-sant-josep-el-24-de-marc-de-3-a-6pm","status":"publish","type":"post","link":"https:\/\/casalcatala.ca\/CAT\/2024\/03\/24\/berenar-de-sant-josep-el-24-de-marc-de-3-a-6pm\/","title":{"rendered":"Berenar de Sant Josep el 24 de mar\u00e7 de 3 a 6pm"},"content":{"rendered":"<div class=\"wp-block-image\">\n<figure class=\"aligncenter size-large is-resized\"><img loading=\"lazy\" decoding=\"async\" width=\"1024\" height=\"1024\" src=\"https:\/\/casalcatala.ca\/CAT\/wp-content\/uploads\/2025\/02\/2024_berenar_st_josep-1024x1024.png\" alt=\"\" class=\"wp-image-333\" style=\"width:322px;height:auto\"\/><\/figure><\/div>\n\n\n<p>Us esperem el diumenge 24 de mar\u00e7 per menjar crema catalana i xocolata calenta! Anima`t a portar algun dol\u00e7 per sucar! L`esdeveniment tindr\u00e0 lloc de 3 a 6 a la Multipurpose room del Kitsilano Community Room (parking gratu\u00eft). Tant si ets nou per Vancouver o portes temps i vols fer arrels amb catalans i catalanes, vine, ens ho passarem molt b\u00e9!! Tothom \u00e9s benvingut, i com sempre acceptarem donacions per ajudar-nos a cobrir les despeses del lloguer i menjar de l`activitat!<a href=\"https:\/\/www.casalcatala.ca\/ca\/activitats\/berenar-de-sant-josep-el-24-de-marc-de-3-a-6pm-379.html\">veure tot \u00bb<\/a><\/p>\n","protected":false},"excerpt":{"rendered":"<p>Us esperem el diumenge 24 de mar\u00e7 per menjar crema catalana i xocolata calenta! Anima`t a portar algun dol\u00e7 per sucar! L`esdeveniment tindr\u00e0 lloc de 3 a 6 a la&hellip;<\/p>\n","protected":false},"author":1,"featured_media":333,"comment_status":"closed","ping_status":"closed","sticky":false,"template":"","format":"standard","meta":{"footnotes":""},"categories":[9],"tags":[],"class_list":["post-332","post","type-post","status-publish","format-standard","has-post-thumbnail","hentry","category-activitats"],"_links":{"self":[{"href":"https:\/\/casalcatala.ca\/CAT\/wp-json\/wp\/v2\/posts\/332","targetHints":{"allow":["GET"]}}],"collection":[{"href":"https:\/\/casalcatala.ca\/CAT\/wp-json\/wp\/v2\/posts"}],"about":[{"href":"https:\/\/casalcatala.ca\/CAT\/wp-json\/wp\/v2\/types\/post"}],"author":[{"embeddable":true,"href":"https:\/\/casalcatala.ca\/CAT\/wp-json\/wp\/v2\/users\/1"}],"replies":[{"embeddable":true,"href":"https:\/\/casalcatala.ca\/CAT\/wp-json\/wp\/v2\/comments?post=332"}],"version-history":[{"count":1,"href":"https:\/\/casalcatala.ca\/CAT\/wp-json\/wp\/v2\/posts\/332\/revisions"}],"predecessor-version":[{"id":334,"href":"https:\/\/casalcatala.ca\/CAT\/wp-json\/wp\/v2\/posts\/332\/revisions\/334"}],"wp:featuredmedia":[{"embeddable":true,"href":"https:\/\/casalcatala.ca\/CAT\/wp-json\/wp\/v2\/media\/333"}],"wp:attachment":[{"href":"https:\/\/casalcatala.ca\/CAT\/wp-json\/wp\/v2\/media?parent=332"}],"wp:term":[{"taxonomy":"category","embeddable":true,"href":"https:\/\/casalcatala.ca\/CAT\/wp-json\/wp\/v2\/categories?post=332"},{"taxonomy":"post_tag","embeddable":true,"href":"https:\/\/casalcatala.ca\/CAT\/wp-json\/wp\/v2\/tags?post=332"}],"curies":[{"name":"wp","href":"https:\/\/api.w.org\/{rel}","templated":true}]}}