{"id":364,"date":"2025-03-02T06:17:12","date_gmt":"2025-03-01T22:17:12","guid":{"rendered":"https:\/\/casalcatala.ca\/CAT\/?p=364"},"modified":"2025-03-26T08:52:13","modified_gmt":"2025-03-26T00:52:13","slug":"berenar-de-sant-josep-23-marc-2025","status":"publish","type":"post","link":"https:\/\/casalcatala.ca\/CAT\/2025\/03\/02\/berenar-de-sant-josep-23-marc-2025\/","title":{"rendered":"Berenar de Sant Josep &#8211; 23 Mar\u00e7 2025"},"content":{"rendered":"\n<p>Ara amb fotos del Berenar!<\/p>\n\n\n\n<div class=\"wp-block-columns is-layout-flex wp-container-core-columns-is-layout-9d6595d7 wp-block-columns-is-layout-flex\">\n<div class=\"wp-block-column is-layout-flow wp-block-column-is-layout-flow\">\n<figure class=\"wp-block-image size-full\"><img loading=\"lazy\" decoding=\"async\" width=\"400\" height=\"533\" src=\"https:\/\/casalcatala.ca\/CAT\/wp-content\/uploads\/2025\/03\/2025_SantJosep_1.jpeg\" alt=\"\" class=\"wp-image-397\" srcset=\"https:\/\/casalcatala.ca\/CAT\/wp-content\/uploads\/2025\/03\/2025_SantJosep_1.jpeg 400w, https:\/\/casalcatala.ca\/CAT\/wp-content\/uploads\/2025\/03\/2025_SantJosep_1-225x300.jpeg 225w\" sizes=\"auto, (max-width: 400px) 100vw, 400px\" \/><\/figure>\n<\/div>\n\n\n\n<div class=\"wp-block-column is-layout-flow wp-block-column-is-layout-flow\">\n<figure class=\"wp-block-image size-full\"><img loading=\"lazy\" decoding=\"async\" width=\"500\" height=\"664\" src=\"https:\/\/casalcatala.ca\/CAT\/wp-content\/uploads\/2025\/03\/2025_SantJosep_2.jpeg\" alt=\"\" class=\"wp-image-398\" srcset=\"https:\/\/casalcatala.ca\/CAT\/wp-content\/uploads\/2025\/03\/2025_SantJosep_2.jpeg 500w, https:\/\/casalcatala.ca\/CAT\/wp-content\/uploads\/2025\/03\/2025_SantJosep_2-226x300.jpeg 226w\" sizes=\"auto, (max-width: 500px) 100vw, 500px\" \/><\/figure>\n<\/div>\n<\/div>\n\n\n\n<figure class=\"wp-block-image size-full\"><img loading=\"lazy\" decoding=\"async\" width=\"600\" height=\"450\" src=\"https:\/\/casalcatala.ca\/CAT\/wp-content\/uploads\/2025\/03\/2025_SantJosep_3.jpeg\" alt=\"\" class=\"wp-image-399\" srcset=\"https:\/\/casalcatala.ca\/CAT\/wp-content\/uploads\/2025\/03\/2025_SantJosep_3.jpeg 600w, https:\/\/casalcatala.ca\/CAT\/wp-content\/uploads\/2025\/03\/2025_SantJosep_3-300x225.jpeg 300w\" sizes=\"auto, (max-width: 600px) 100vw, 600px\" \/><\/figure>\n\n\n<div class=\"wp-block-image\">\n<figure class=\"aligncenter size-large is-resized\"><img loading=\"lazy\" decoding=\"async\" width=\"1024\" height=\"1024\" src=\"https:\/\/casalcatala.ca\/CAT\/wp-content\/uploads\/2025\/03\/2025_SantJosep-1024x1024.png\" alt=\"\" class=\"wp-image-365\" style=\"object-fit:cover;width:450px;height:450px\" srcset=\"https:\/\/casalcatala.ca\/CAT\/wp-content\/uploads\/2025\/03\/2025_SantJosep-1024x1024.png 1024w, https:\/\/casalcatala.ca\/CAT\/wp-content\/uploads\/2025\/03\/2025_SantJosep-300x300.png 300w, https:\/\/casalcatala.ca\/CAT\/wp-content\/uploads\/2025\/03\/2025_SantJosep-150x150.png 150w, https:\/\/casalcatala.ca\/CAT\/wp-content\/uploads\/2025\/03\/2025_SantJosep-768x768.png 768w, https:\/\/casalcatala.ca\/CAT\/wp-content\/uploads\/2025\/03\/2025_SantJosep.png 1080w\" sizes=\"auto, (max-width: 1024px) 100vw, 1024px\" \/><\/figure><\/div>\n\n\n<p>Us compartim amb molta il\u00b7lusi\u00f3 que el proper&nbsp;<strong>diumenge 23 de mar\u00e7<\/strong>&nbsp;de 3pm a 6pm organitzem el&nbsp;<strong>Berenar de Sant Josep<\/strong>&nbsp;al<a href=\"https:\/\/vancouver.ca\/parks-recreation-culture\/creekside-community-recreation-centre.aspx\">&nbsp;<strong>Creekside Community Center <\/strong><\/a><u>(<\/u>1 Athletes Way, Vancouver, BC V5Y 0B1).<\/p>\n\n\n\n<p>Gaudirem d&#8217;un dels postres m\u00e9s tradicionals de&nbsp;<strong>Catalunya<\/strong>, la deliciosa&nbsp;<strong>Crema Catalana<\/strong>. A m\u00e9s de gaudir-ne, us ensenyarem a fer-la, perqu\u00e8 pugueu recrear aquest sabor tan caracter\u00edstic de casa nostra sempre que vulgueu. \u00c9s una excel\u00b7lent oportunitat per compartir una experi\u00e8ncia culin\u00e0ria aut\u00e8ntica i, al mateix temps,&nbsp;<strong>connectar amb m\u00e9s membres de la comunitat catalana a Vancouver<\/strong>.<\/p>\n\n\n\n<p>No us ho perdeu! Ens agradaria veure-us a tots, gaudir d\u2019una bona estona i, per descomptat, podeu portar dol\u00e7os per compartir i celebrar l&#8217;arribada de la primavera.<\/p>\n","protected":false},"excerpt":{"rendered":"<p>Ara amb fotos del Berenar! Us compartim amb molta il\u00b7lusi\u00f3 que el proper&nbsp;diumenge 23 de mar\u00e7&nbsp;de 3pm a 6pm organitzem el&nbsp;Berenar de Sant Josep&nbsp;al&nbsp;Creekside Community Center (1 Athletes Way, Vancouver,&hellip;<\/p>\n","protected":false},"author":1,"featured_media":0,"comment_status":"closed","ping_status":"closed","sticky":false,"template":"","format":"standard","meta":{"footnotes":""},"categories":[9],"tags":[],"class_list":["post-364","post","type-post","status-publish","format-standard","hentry","category-activitats"],"_links":{"self":[{"href":"https:\/\/casalcatala.ca\/CAT\/wp-json\/wp\/v2\/posts\/364","targetHints":{"allow":["GET"]}}],"collection":[{"href":"https:\/\/casalcatala.ca\/CAT\/wp-json\/wp\/v2\/posts"}],"about":[{"href":"https:\/\/casalcatala.ca\/CAT\/wp-json\/wp\/v2\/types\/post"}],"author":[{"embeddable":true,"href":"https:\/\/casalcatala.ca\/CAT\/wp-json\/wp\/v2\/users\/1"}],"replies":[{"embeddable":true,"href":"https:\/\/casalcatala.ca\/CAT\/wp-json\/wp\/v2\/comments?post=364"}],"version-history":[{"count":2,"href":"https:\/\/casalcatala.ca\/CAT\/wp-json\/wp\/v2\/posts\/364\/revisions"}],"predecessor-version":[{"id":400,"href":"https:\/\/casalcatala.ca\/CAT\/wp-json\/wp\/v2\/posts\/364\/revisions\/400"}],"wp:attachment":[{"href":"https:\/\/casalcatala.ca\/CAT\/wp-json\/wp\/v2\/media?parent=364"}],"wp:term":[{"taxonomy":"category","embeddable":true,"href":"https:\/\/casalcatala.ca\/CAT\/wp-json\/wp\/v2\/categories?post=364"},{"taxonomy":"post_tag","embeddable":true,"href":"https:\/\/casalcatala.ca\/CAT\/wp-json\/wp\/v2\/tags?post=364"}],"curies":[{"name":"wp","href":"https:\/\/api.w.org\/{rel}","templated":true}]}}