{"id":403,"date":"2025-06-11T07:16:25","date_gmt":"2025-06-10T23:16:25","guid":{"rendered":"https:\/\/casalcatala.ca\/CAT\/?p=403"},"modified":"2025-07-30T06:37:06","modified_gmt":"2025-07-29T22:37:06","slug":"excursio-destiu-amb-el-casal-reservat-el-26-de-juliol-2025","status":"publish","type":"post","link":"https:\/\/casalcatala.ca\/CAT\/2025\/06\/11\/excursio-destiu-amb-el-casal-reservat-el-26-de-juliol-2025\/","title":{"rendered":"Excursi\u00f3 d\u2019estiu amb el Casal \u2013 reserva\u2019t el 26 de juliol 2025!"},"content":{"rendered":"\n<p>Ara amb fotos!<\/p>\n\n\n\n<figure class=\"wp-block-image size-full\"><img loading=\"lazy\" decoding=\"async\" width=\"1000\" height=\"750\" src=\"https:\/\/casalcatala.ca\/CAT\/wp-content\/uploads\/2025\/06\/2025_excursion_grup-1.jpg\" alt=\"\" class=\"wp-image-436\" srcset=\"https:\/\/casalcatala.ca\/CAT\/wp-content\/uploads\/2025\/06\/2025_excursion_grup-1.jpg 1000w, https:\/\/casalcatala.ca\/CAT\/wp-content\/uploads\/2025\/06\/2025_excursion_grup-1-300x225.jpg 300w, https:\/\/casalcatala.ca\/CAT\/wp-content\/uploads\/2025\/06\/2025_excursion_grup-1-768x576.jpg 768w\" sizes=\"auto, (max-width: 1000px) 100vw, 1000px\" \/><\/figure>\n\n\n\n<figure class=\"wp-block-image size-full\"><img loading=\"lazy\" decoding=\"async\" width=\"1000\" height=\"750\" src=\"https:\/\/casalcatala.ca\/CAT\/wp-content\/uploads\/2025\/06\/2025_excursio_llac.jpg\" alt=\"\" class=\"wp-image-435\" srcset=\"https:\/\/casalcatala.ca\/CAT\/wp-content\/uploads\/2025\/06\/2025_excursio_llac.jpg 1000w, https:\/\/casalcatala.ca\/CAT\/wp-content\/uploads\/2025\/06\/2025_excursio_llac-300x225.jpg 300w, https:\/\/casalcatala.ca\/CAT\/wp-content\/uploads\/2025\/06\/2025_excursio_llac-768x576.jpg 768w\" sizes=\"auto, (max-width: 1000px) 100vw, 1000px\" \/><\/figure>\n\n\n<div class=\"wp-block-image\">\n<figure class=\"aligncenter size-large is-resized\"><img loading=\"lazy\" decoding=\"async\" width=\"1024\" height=\"1024\" src=\"https:\/\/casalcatala.ca\/CAT\/wp-content\/uploads\/2025\/06\/2025_excursio-1024x1024.png\" alt=\"\" class=\"wp-image-411\" style=\"width:400px\" srcset=\"https:\/\/casalcatala.ca\/CAT\/wp-content\/uploads\/2025\/06\/2025_excursio-1024x1024.png 1024w, https:\/\/casalcatala.ca\/CAT\/wp-content\/uploads\/2025\/06\/2025_excursio-300x300.png 300w, https:\/\/casalcatala.ca\/CAT\/wp-content\/uploads\/2025\/06\/2025_excursio-150x150.png 150w, https:\/\/casalcatala.ca\/CAT\/wp-content\/uploads\/2025\/06\/2025_excursio-768x768.png 768w, https:\/\/casalcatala.ca\/CAT\/wp-content\/uploads\/2025\/06\/2025_excursio.png 1080w\" sizes=\"auto, (max-width: 1024px) 100vw, 1024px\" \/><\/figure><\/div>\n\n\n<p>Vine d\u2019excursi\u00f3 amb el Casal Catal\u00e0 de Vancouver el <strong>dissabte 26 de juliol de 2025<\/strong>. Hem preparat una sortida de dia per caminar junts pel Four Lakes Loop, una preciosa ruta circular dins del<a href=\"https:\/\/bcparks.ca\/cypress-park\/\" data-type=\"link\" data-id=\"https:\/\/bcparks.ca\/cypress-park\/\"> Cypress Provincial Park.<\/a><\/p>\n\n\n\n<p><br>Caminarem entre boscos frondosos, passarem per diversos llacs i gaudirem d\u2019un entorn natural<br>espectacular.<br>Quan i on?<br>\u25cf Dissabte 26 de juliol 2025 a les 10am<br>\u25cf Ens trobem al p\u00e0rquing de Cypress Nordic<br>\u25cf Comen\u00e7arem a caminar a les 10:15am<br>\u25cf Farem una parada per dinar plegats<br>Dades de la ruta:<\/p>\n\n\n\n<ul class=\"wp-block-list\">\n<li>Dificultat: f\u00e0cil\/moderada (cadasc\u00fa la podr\u00e0 caminar al seu ritme i necessitats)<\/li>\n\n\n\n<li>Dist\u00e0ncia: aproximadament 7,4 km<\/li>\n\n\n\n<li>Desnivell: suau (uns 280 m)<\/li>\n\n\n\n<li>Durada: entre 2 i 2.5 hores de caminada (amb parades)<br>Qu\u00e8 cal portar?<\/li>\n\n\n\n<li>Aigua, protecci\u00f3 solar i barret\/gorra<\/li>\n\n\n\n<li>Entrep\u00e0, snacks o carmanyola per dinar<\/li>\n\n\n\n<li>Roba i cal\u00e7at de muntanya adequats (mireu b\u00e9 el clima abans de sortir de casa, recordeu que anem a la muntanya, vingueu preparats!)<\/li>\n\n\n\n<li>Pals de caminar (opcional per\u00f2 recomanable)<\/li>\n\n\n\n<li>Banyador i tovallola si us ve de gust refrescar-vos en algun llac<\/li>\n\n\n\n<li>Moltes ganes de passar-ho b\u00e9!<br>Excursi\u00f3 pet friendly!<br>Els gossos s\u00f3n benvinguts a la ruta, per\u00f2 han d\u2019anar sempre lligats durant tota l\u2019excursi\u00f3, tal com<br>exigeix la normativa del parc. Tamb\u00e9 cal portar aigua i bosses per recollir els excrements.<br>Inscripcions en aquest <a href=\"https:\/\/www.surveymonkey.com\/r\/GXLLQPR\" data-type=\"link\" data-id=\"https:\/\/www.surveymonkey.com\/r\/GXLLQPR\" target=\"_blank\" rel=\"noreferrer noopener\">enlla\u00e7<\/a><\/li>\n<\/ul>\n\n\n\n<p><\/p>\n\n\n\n<p><strong>Important: <\/strong>si la previsi\u00f3 del temps \u00e9s dolenta i no \u00e9s segur fer la sortida aquest dia, el Casal es reserva<br>el dret de canviar la data de la sortida amb 24 hores de notificaci\u00f3.<\/p>\n\n\n\n<p><br>Seguiu-nos a les xarxes socials del Casal per con\u00e8ixer m\u00e9s detalls els pr\u00f2xims dies!<br>Ens fa molta il\u00b7lusi\u00f3 compartir aquesta aventura<\/p>\n","protected":false},"excerpt":{"rendered":"<p>Ara amb fotos! Vine d\u2019excursi\u00f3 amb el Casal Catal\u00e0 de Vancouver el dissabte 26 de juliol de 2025. Hem preparat una sortida de dia per caminar junts pel Four Lakes&hellip;<\/p>\n","protected":false},"author":1,"featured_media":0,"comment_status":"closed","ping_status":"closed","sticky":false,"template":"","format":"standard","meta":{"footnotes":""},"categories":[9],"tags":[],"class_list":["post-403","post","type-post","status-publish","format-standard","hentry","category-activitats"],"_links":{"self":[{"href":"https:\/\/casalcatala.ca\/CAT\/wp-json\/wp\/v2\/posts\/403","targetHints":{"allow":["GET"]}}],"collection":[{"href":"https:\/\/casalcatala.ca\/CAT\/wp-json\/wp\/v2\/posts"}],"about":[{"href":"https:\/\/casalcatala.ca\/CAT\/wp-json\/wp\/v2\/types\/post"}],"author":[{"embeddable":true,"href":"https:\/\/casalcatala.ca\/CAT\/wp-json\/wp\/v2\/users\/1"}],"replies":[{"embeddable":true,"href":"https:\/\/casalcatala.ca\/CAT\/wp-json\/wp\/v2\/comments?post=403"}],"version-history":[{"count":5,"href":"https:\/\/casalcatala.ca\/CAT\/wp-json\/wp\/v2\/posts\/403\/revisions"}],"predecessor-version":[{"id":437,"href":"https:\/\/casalcatala.ca\/CAT\/wp-json\/wp\/v2\/posts\/403\/revisions\/437"}],"wp:attachment":[{"href":"https:\/\/casalcatala.ca\/CAT\/wp-json\/wp\/v2\/media?parent=403"}],"wp:term":[{"taxonomy":"category","embeddable":true,"href":"https:\/\/casalcatala.ca\/CAT\/wp-json\/wp\/v2\/categories?post=403"},{"taxonomy":"post_tag","embeddable":true,"href":"https:\/\/casalcatala.ca\/CAT\/wp-json\/wp\/v2\/tags?post=403"}],"curies":[{"name":"wp","href":"https:\/\/api.w.org\/{rel}","templated":true}]}}