{"id":497,"date":"2025-11-11T11:31:07","date_gmt":"2025-11-11T03:31:07","guid":{"rendered":"https:\/\/casalcatala.ca\/CAT\/?p=497"},"modified":"2025-11-11T11:31:07","modified_gmt":"2025-11-11T03:31:07","slug":"torronada-2025","status":"publish","type":"post","link":"https:\/\/casalcatala.ca\/CAT\/2025\/11\/11\/torronada-2025\/","title":{"rendered":"Torronada 2025\u00a0!!!"},"content":{"rendered":"<div class=\"wp-block-image\">\n<figure class=\"aligncenter size-large is-resized\"><img loading=\"lazy\" decoding=\"async\" width=\"1024\" height=\"1024\" src=\"https:\/\/casalcatala.ca\/CAT\/wp-content\/uploads\/2025\/11\/2025_Torronada-1024x1024.png\" alt=\"Torronada 2025\" class=\"wp-image-498\" style=\"width:463px;height:auto\" srcset=\"https:\/\/casalcatala.ca\/CAT\/wp-content\/uploads\/2025\/11\/2025_Torronada-1024x1024.png 1024w, https:\/\/casalcatala.ca\/CAT\/wp-content\/uploads\/2025\/11\/2025_Torronada-300x300.png 300w, https:\/\/casalcatala.ca\/CAT\/wp-content\/uploads\/2025\/11\/2025_Torronada-150x150.png 150w, https:\/\/casalcatala.ca\/CAT\/wp-content\/uploads\/2025\/11\/2025_Torronada-768x768.png 768w, https:\/\/casalcatala.ca\/CAT\/wp-content\/uploads\/2025\/11\/2025_Torronada.png 1080w\" sizes=\"auto, (max-width: 1024px) 100vw, 1024px\" \/><\/figure><\/div>\n\n\n<p>Celebrem la Torronada 2025 el dissabte 6 de desembre, de 15:30 a 20:00 al <a href=\"https:\/\/maps.app.goo.gl\/2Yi2g7Xj1nr9fmPc6\" data-type=\"link\" data-id=\"https:\/\/maps.app.goo.gl\/2Yi2g7Xj1nr9fmPc6\" target=\"_blank\" rel=\"noreferrer noopener\">Kitsilano Community Center<\/a><\/p>\n\n\n\n<p>Benvolguts amics\/gues del Casal Catal\u00e0 de Vancouver,<\/p>\n\n\n\n<p>S&#8217;acosta el Nadal i \u00e9s moment de tancar l&#8217;any amb la popular&nbsp;<strong>Torronada de Vancouver!<\/strong><\/p>\n\n\n\n<h3 class=\"wp-block-heading\">Quan i On?<\/h3>\n\n\n\n<p><strong>\ufeff\ufeffQuan<\/strong>: Dissabte 6 de desembre del 2025<\/p>\n\n\n\n<p><strong>\ufeff\ufeffOn<\/strong>:&nbsp;<a href=\"https:\/\/oqgare.clicks.mlsend.com\/ty\/cl\/eyJ2Ijoie1wiYVwiOjcxNDEyOSxcImxcIjoxNzA2OTgxNjA2OTQzNjMxMzcsXCJyXCI6MTcwNjk4MTgyMDM5MTc3MDY4fSIsInMiOiIzNmZjZjdhYWM1ZjI5ZTNmIn0\" target=\"_blank\" rel=\"noreferrer noopener\"><u>Kitsilano Community Center<\/u><\/a>&nbsp;(Multipurpose room)<\/p>\n\n\n\n<p><strong>\ufeff\ufeffHora<\/strong>: 15.30h a 20.00h<\/p>\n\n\n\n<h3 class=\"wp-block-heading\">Potluck: Porta la teva especialitat i participa al concurs de cuina catalana!<\/h3>\n\n\n\n<p>Aquesta festa ser\u00e0 una gran oportunitat per compartir aquells plats que us surten tan b\u00e9! Sigui una recepta de l\u2019\u00e0via o un plat internacional, porteu la vostra especialitat i fem gaudir a tothom amb els vostres sabors. Qui s&#8217;atreveix amb els canelons? Hi haur\u00e0 premi al millor plat!<\/p>\n\n\n\n<p>El Casal Catal\u00e0 s\u2019encarregar\u00e0 de les begudes, amanides, embotits, pa amb tom\u00e0quet i, per descomptat&#8230; els torrons<strong>!<\/strong>&nbsp;No hi ha Nadal sense ell!<\/p>\n\n\n\n<p><strong>\ufeff\ufeffNota important:<\/strong>&nbsp;Porteu els vostres propis utensilis per menjar! D\u2019aquesta manera creem menys brossa i fem entre tots una Torronada m\u00e9s sostenible.<\/p>\n\n\n\n<h3 class=\"wp-block-heading\">Cost de l\u2019activitat:<\/h3>\n\n\n\n<ul class=\"wp-block-list\">\n<li><strong>Socis\/es:<\/strong>\u00a0Gratu\u00eft (incl\u00f2s en la vostra quota anual)<\/li>\n\n\n\n<li><strong>No socis\/es:<\/strong>\u00a0$15 per adult, gratu\u00eft per a menors.<\/li>\n<\/ul>\n\n\n\n<p>Si no esteu segurs de tenir la quota al dia, nom\u00e9s cal que contesteu aquest correu i ho comprovarem r\u00e0pidament.<\/p>\n\n\n\n<h3 class=\"wp-block-heading\">Activitat especial: El Ti\u00f3 arriba a Vancouver!<\/h3>\n\n\n\n<p>Els m\u00e9s petits podran gaudir del moment m\u00e9s esperat de la Torronada:&nbsp;<strong>fer cagar el Ti\u00f3!<\/strong><\/p>\n\n\n\n<p><strong>\ufeffIMPORTANT:<\/strong>&nbsp;Aquesta activitat \u00e9s exclusiva per a fam\u00edlies s\u00f2cies del Casal amb la quota anual activa abans del 20 de novembre. El cost \u00e9s de&nbsp;<strong>$10 per nen\/a<\/strong>&nbsp;(ens ajuda a cobrir les despeses dels tions i els regals). Si hi voleu participar, ompliu aquest&nbsp;<a href=\"https:\/\/oqgare.clicks.mlsend.com\/ty\/cl\/eyJ2Ijoie1wiYVwiOjcxNDEyOSxcImxcIjoxNzA2OTgxNjA3MDI3NTE3NTMsXCJyXCI6MTcwNjk4MTgyMDM5MTc3MDY4fSIsInMiOiJiY2VhNmFmNDJhOGU3MDUzIn0\" target=\"_blank\" rel=\"noreferrer noopener\"><u>formulari<\/u><\/a>&nbsp;abans del 20 de novembre.<\/p>\n\n\n\n<p><strong>\ufeff\ufeffPagament:<\/strong>&nbsp;eTransfer a&nbsp;<em><a>quotes@casalcatala.ca<\/a><\/em>&nbsp;amb el nom de l\u2019infant i el concepte&nbsp;<em>Ti\u00f3 de Nadal<\/em>.<\/p>\n\n\n\n<p><strong>\ufeff\ufeffInscripci\u00f3 obligat\u00f2ria abans del 20 de novembre.<\/strong>&nbsp;Despr\u00e9s d\u2019aquesta data no es podran fer m\u00e9s registres, ja que la comanda estar\u00e0 tancada (hem de calcular quant de menjar necessitar\u00e0 el ti\u00f3 amb antel\u00b7laci\u00f3!)<\/p>\n","protected":false},"excerpt":{"rendered":"<p>Celebrem la Torronada 2025 el dissabte 6 de desembre, de 15:30 a 20:00 al Kitsilano Community Center Benvolguts amics\/gues del Casal Catal\u00e0 de Vancouver, S&#8217;acosta el Nadal i \u00e9s moment&hellip;<\/p>\n","protected":false},"author":1,"featured_media":0,"comment_status":"closed","ping_status":"closed","sticky":false,"template":"","format":"standard","meta":{"footnotes":""},"categories":[9],"tags":[],"class_list":["post-497","post","type-post","status-publish","format-standard","hentry","category-activitats"],"_links":{"self":[{"href":"https:\/\/casalcatala.ca\/CAT\/wp-json\/wp\/v2\/posts\/497","targetHints":{"allow":["GET"]}}],"collection":[{"href":"https:\/\/casalcatala.ca\/CAT\/wp-json\/wp\/v2\/posts"}],"about":[{"href":"https:\/\/casalcatala.ca\/CAT\/wp-json\/wp\/v2\/types\/post"}],"author":[{"embeddable":true,"href":"https:\/\/casalcatala.ca\/CAT\/wp-json\/wp\/v2\/users\/1"}],"replies":[{"embeddable":true,"href":"https:\/\/casalcatala.ca\/CAT\/wp-json\/wp\/v2\/comments?post=497"}],"version-history":[{"count":1,"href":"https:\/\/casalcatala.ca\/CAT\/wp-json\/wp\/v2\/posts\/497\/revisions"}],"predecessor-version":[{"id":499,"href":"https:\/\/casalcatala.ca\/CAT\/wp-json\/wp\/v2\/posts\/497\/revisions\/499"}],"wp:attachment":[{"href":"https:\/\/casalcatala.ca\/CAT\/wp-json\/wp\/v2\/media?parent=497"}],"wp:term":[{"taxonomy":"category","embeddable":true,"href":"https:\/\/casalcatala.ca\/CAT\/wp-json\/wp\/v2\/categories?post=497"},{"taxonomy":"post_tag","embeddable":true,"href":"https:\/\/casalcatala.ca\/CAT\/wp-json\/wp\/v2\/tags?post=497"}],"curies":[{"name":"wp","href":"https:\/\/api.w.org\/{rel}","templated":true}]}}