{"id":508,"date":"2026-03-05T12:51:42","date_gmt":"2026-03-05T04:51:42","guid":{"rendered":"https:\/\/casalcatala.ca\/CAT\/?p=508"},"modified":"2026-03-05T12:51:42","modified_gmt":"2026-03-05T04:51:42","slug":"taller-de-decoracio-de-mones-de-pasqua","status":"publish","type":"post","link":"https:\/\/casalcatala.ca\/CAT\/2026\/03\/05\/taller-de-decoracio-de-mones-de-pasqua\/","title":{"rendered":"Taller de Decoraci\u00f3 de Mones de Pasq\u00fca"},"content":{"rendered":"<div class=\"wp-block-image\">\n<figure class=\"aligncenter size-large is-resized\"><img loading=\"lazy\" decoding=\"async\" width=\"1024\" height=\"1024\" src=\"https:\/\/casalcatala.ca\/CAT\/wp-content\/uploads\/2026\/03\/2026_MonesPasqua-1024x1024.png\" alt=\"\" class=\"wp-image-509\" style=\"width:400px\" srcset=\"https:\/\/casalcatala.ca\/CAT\/wp-content\/uploads\/2026\/03\/2026_MonesPasqua-1024x1024.png 1024w, https:\/\/casalcatala.ca\/CAT\/wp-content\/uploads\/2026\/03\/2026_MonesPasqua-300x300.png 300w, https:\/\/casalcatala.ca\/CAT\/wp-content\/uploads\/2026\/03\/2026_MonesPasqua-150x150.png 150w, https:\/\/casalcatala.ca\/CAT\/wp-content\/uploads\/2026\/03\/2026_MonesPasqua-768x768.png 768w, https:\/\/casalcatala.ca\/CAT\/wp-content\/uploads\/2026\/03\/2026_MonesPasqua.png 1080w\" sizes=\"auto, (max-width: 1024px) 100vw, 1024px\" \/><\/figure><\/div>\n\n\n<p>Ens fa molta il\u00b7lusi\u00f3 convidar-vos al\u00a0<strong>Taller de Decoraci\u00f3 de Mones de Pasq\u00fca<\/strong>, que tindr\u00e0 lloc el proper\u00a0<strong>diumenge 29 de mar\u00e7, de 10:30 a 13:00 h<\/strong>, al\u00a0<em><a href=\"https:\/\/oqgare.clicks.mlsend.com\/tl\/cl\/eyJ2Ijoie1wiYVwiOjcxNDEyOSxcImxcIjoxODAzMTU4NjM1NzkxMDAzMjAsXCJyXCI6MTgwMzE1ODc1NTg3MzkzMTUwfSIsInMiOiI1OWE0ZGZmMzI4ODViMGFhIn0\" target=\"_blank\" rel=\"noreferrer noopener\"><u>Douglas Park Community Centre<\/u><\/a><\/em>.<\/p>\n\n\n\n<p>Durant el taller, cada fam\u00edlia podr\u00e0\u00a0<strong>decorar la seva pr\u00f2pia mona de Pasq\u00fca<\/strong>. Nosaltres portarem les bases ja preparades, i vosaltres hi posareu la creativitat per donar forma a una de les tradicions m\u00e9s dolces i emblem\u00e0tiques de Catalunya.<\/p>\n\n\n\n<p><img decoding=\"async\" alt=\"\ud83d\udccc\" src=\"https:\/\/fonts.gstatic.com\/s\/e\/notoemoji\/17.0\/1f4cc\/72.png\">&nbsp;<strong>Informaci\u00f3 important:<\/strong><\/p>\n\n\n\n<ul class=\"wp-block-list\">\n<li>Cal inscriure\u2019s pr\u00e8viament per participar al taller.<\/li>\n\n\n\n<li>Hi haur\u00e0\u00a0<strong>una mona per fam\u00edlia o grup inscrit<\/strong>.<\/li>\n\n\n\n<li>La data l\u00edmit d\u2019inscripci\u00f3 \u00e9s el\u00a0<strong>23 de mar\u00e7<\/strong>.<\/li>\n\n\n\n<li>Podeu formalitzar la inscripci\u00f3 a trav\u00e9s del seg\u00fcent enlla\u00e7:<br><img decoding=\"async\" src=\"https:\/\/fonts.gstatic.com\/s\/e\/notoemoji\/17.0\/1f449\/72.png\" alt=\"\ud83d\udc49\">\u00a0<a href=\"https:\/\/oqgare.clicks.mlsend.com\/tl\/cl\/eyJ2Ijoie1wiYVwiOjcxNDEyOSxcImxcIjoxODAzMTU4NjM1ODg1Mzc1MDgsXCJyXCI6MTgwMzE1ODc1NTg3MzkzMTUwfSIsInMiOiI1MGUyZTQ5YzM1OTc4NDIyIn0\" target=\"_blank\" rel=\"noreferrer noopener\"><u>https:\/\/www.surveymonkey.com\/r\/9LJT2QK<\/u><\/a><\/li>\n<\/ul>\n\n\n\n<p>A m\u00e9s, organitzarem una\u00a0<strong>cerca d\u2019ous de Pasq\u00fca per als m\u00e9s petits<\/strong>, perqu\u00e8 tota la fam\u00edlia pugui gaudir d\u2019un mat\u00ed festiu, creatiu i ple de sorpreses.<\/p>\n\n\n\n<p>\u00c9s una magn\u00edfica oportunitat per compartir una tradici\u00f3 catalana, fomentar la conviv\u00e8ncia i continuar enfortint la comunitat catalana a Vancouver.<\/p>\n\n\n\n<p>Us animem a portar algun dol\u00e7 per compartir i celebrar plegats l\u2019arribada de la primavera.<\/p>\n\n\n\n<p>No hi falteu \u2014 ens encantar\u00e0 veure-us-hi!<\/p>\n","protected":false},"excerpt":{"rendered":"<p>Ens fa molta il\u00b7lusi\u00f3 convidar-vos al\u00a0Taller de Decoraci\u00f3 de Mones de Pasq\u00fca, que tindr\u00e0 lloc el proper\u00a0diumenge 29 de mar\u00e7, de 10:30 a 13:00 h, al\u00a0Douglas Park Community Centre. Durant&hellip;<\/p>\n","protected":false},"author":1,"featured_media":0,"comment_status":"closed","ping_status":"closed","sticky":false,"template":"","format":"standard","meta":{"footnotes":""},"categories":[9],"tags":[],"class_list":["post-508","post","type-post","status-publish","format-standard","hentry","category-activitats"],"_links":{"self":[{"href":"https:\/\/casalcatala.ca\/CAT\/wp-json\/wp\/v2\/posts\/508","targetHints":{"allow":["GET"]}}],"collection":[{"href":"https:\/\/casalcatala.ca\/CAT\/wp-json\/wp\/v2\/posts"}],"about":[{"href":"https:\/\/casalcatala.ca\/CAT\/wp-json\/wp\/v2\/types\/post"}],"author":[{"embeddable":true,"href":"https:\/\/casalcatala.ca\/CAT\/wp-json\/wp\/v2\/users\/1"}],"replies":[{"embeddable":true,"href":"https:\/\/casalcatala.ca\/CAT\/wp-json\/wp\/v2\/comments?post=508"}],"version-history":[{"count":1,"href":"https:\/\/casalcatala.ca\/CAT\/wp-json\/wp\/v2\/posts\/508\/revisions"}],"predecessor-version":[{"id":510,"href":"https:\/\/casalcatala.ca\/CAT\/wp-json\/wp\/v2\/posts\/508\/revisions\/510"}],"wp:attachment":[{"href":"https:\/\/casalcatala.ca\/CAT\/wp-json\/wp\/v2\/media?parent=508"}],"wp:term":[{"taxonomy":"category","embeddable":true,"href":"https:\/\/casalcatala.ca\/CAT\/wp-json\/wp\/v2\/categories?post=508"},{"taxonomy":"post_tag","embeddable":true,"href":"https:\/\/casalcatala.ca\/CAT\/wp-json\/wp\/v2\/tags?post=508"}],"curies":[{"name":"wp","href":"https:\/\/api.w.org\/{rel}","templated":true}]}}