{"id":519,"date":"2026-04-02T06:27:33","date_gmt":"2026-04-01T22:27:33","guid":{"rendered":"https:\/\/casalcatala.ca\/CAT\/?p=519"},"modified":"2026-04-09T01:48:23","modified_gmt":"2026-04-08T17:48:23","slug":"celebrem-sant-jordi","status":"publish","type":"post","link":"https:\/\/casalcatala.ca\/CAT\/2026\/04\/02\/celebrem-sant-jordi\/","title":{"rendered":"Celebrem Sant Jordi!"},"content":{"rendered":"<div class=\"wp-block-image\">\n<figure class=\"aligncenter size-large is-resized\"><img loading=\"lazy\" decoding=\"async\" width=\"1024\" height=\"768\" src=\"https:\/\/casalcatala.ca\/CAT\/wp-content\/uploads\/2026\/04\/BRING-YOUR-FAVORITE-RUGS-BACK-TO-LIFE-WITH-EXPERT-REPAIR-1024x768.png\" alt=\"\" class=\"wp-image-524\" style=\"width:518px;height:auto\" srcset=\"https:\/\/casalcatala.ca\/CAT\/wp-content\/uploads\/2026\/04\/BRING-YOUR-FAVORITE-RUGS-BACK-TO-LIFE-WITH-EXPERT-REPAIR-1024x768.png 1024w, https:\/\/casalcatala.ca\/CAT\/wp-content\/uploads\/2026\/04\/BRING-YOUR-FAVORITE-RUGS-BACK-TO-LIFE-WITH-EXPERT-REPAIR-300x225.png 300w, https:\/\/casalcatala.ca\/CAT\/wp-content\/uploads\/2026\/04\/BRING-YOUR-FAVORITE-RUGS-BACK-TO-LIFE-WITH-EXPERT-REPAIR-768x576.png 768w, https:\/\/casalcatala.ca\/CAT\/wp-content\/uploads\/2026\/04\/BRING-YOUR-FAVORITE-RUGS-BACK-TO-LIFE-WITH-EXPERT-REPAIR.png 1200w\" sizes=\"auto, (max-width: 1024px) 100vw, 1024px\" \/><\/figure><\/div>\n\n\n<p>Per celebrar la&nbsp;<strong>diada de Sant Jordi, ens ajuntarem el dissabte 18 d\u2019abril, d\u201911:00 a 13:30, al&nbsp;<a href=\"https:\/\/oqgare.clicks.mlsend.com\/tj\/c\/eyJ2Ijoie1wiYVwiOjcxNDEyOSxcImxcIjoxODM1MTk3ODY2OTE0NjIzMzQsXCJyXCI6MTgzNTE5Nzk4MTQ5MjUyMzk4fSIsInMiOiI1MDNmNTNkNGRmOTFjMTNmIn0\" target=\"_blank\" rel=\"noreferrer noopener\"><u>Picnic Pavilion de Granville Islan<\/u><\/a>d<\/strong>&nbsp;(el mateix lloc que els darrers dos anys!).<\/p>\n\n\n\n<p><strong>\ufeff\ufeffActivitats especials:<\/strong><\/p>\n\n\n\n<ul class=\"wp-block-list\">\n<li><strong>Concurs de truita de patates:<\/strong>\u00a0qui s\u2019endur\u00e0 el premi a la millor truita?\u00a0Hi haur\u00e0 una targeta regal de 50 $ per al guanyador\/a de\u00a0<a href=\"https:\/\/share.google\/J3dBwssJzCrYQJSv4\" target=\"_blank\" rel=\"noreferrer noopener\"><u>Como Taperia<\/u><\/a>. El Casal posar\u00e0 les begudes i el pa amb tom\u00e0quet.\u00a0Porteu tamb\u00e9 el que vulgueu per picar!<\/li>\n\n\n\n<li><strong>Intercanvi de llibres:<\/strong>&nbsp;porteu un llibre en catal\u00e0 i us en podreu endur un altre.<\/li>\n\n\n\n<li><strong>Concurs de dibuix de tem\u00e0tica lliure<\/strong>&nbsp;per als nens i nenes de fins a 12 anys. Qui s\u2019endur\u00e0 el premi a l\u2019artista d\u2019aquest Sant Jordi? Envia el teu dibuix al correu del Casal (vancouver [at] casalcatala.ca). D\u2019aquesta manera, el compartirem a les nostres xarxes socials i, entre tots els catalans de la comunitat, triarem l&#8217;artista de la diada.<\/li>\n<\/ul>\n\n\n\n<p><strong>\ufeff\ufeffA m\u00e9s de les roses:<\/strong><br>El Casal Catal\u00e0 de Vancouver oferir\u00e0 unes roses ben vermelles amb una donaci\u00f3 recomanada de 5 $ per a socis i 10 $ per a no socis.<\/p>\n\n\n\n<p>Esperem que faci un bon dia assolellat, per\u00f2, si plou, no patiu: el Picnic Pavilion \u00e9s cobert, aix\u00ed que la festa est\u00e0 garantida!<\/p>\n\n\n\n<p>Veniu amb ganes de passar-ho b\u00e9 i de gaudir d\u2019aquesta bonica festa catalana! Us hi esperem amb il\u00b7lusi\u00f3!<\/p>\n\n\n\n<p><\/p>\n","protected":false},"excerpt":{"rendered":"<p>Per celebrar la&nbsp;diada de Sant Jordi, ens ajuntarem el dissabte 18 d\u2019abril, d\u201911:00 a 13:30, al&nbsp;Picnic Pavilion de Granville Island&nbsp;(el mateix lloc que els darrers dos anys!). \ufeff\ufeffActivitats especials: \ufeff\ufeffA&hellip;<\/p>\n","protected":false},"author":1,"featured_media":0,"comment_status":"closed","ping_status":"closed","sticky":false,"template":"","format":"standard","meta":{"footnotes":""},"categories":[9],"tags":[],"class_list":["post-519","post","type-post","status-publish","format-standard","hentry","category-activitats"],"_links":{"self":[{"href":"https:\/\/casalcatala.ca\/CAT\/wp-json\/wp\/v2\/posts\/519","targetHints":{"allow":["GET"]}}],"collection":[{"href":"https:\/\/casalcatala.ca\/CAT\/wp-json\/wp\/v2\/posts"}],"about":[{"href":"https:\/\/casalcatala.ca\/CAT\/wp-json\/wp\/v2\/types\/post"}],"author":[{"embeddable":true,"href":"https:\/\/casalcatala.ca\/CAT\/wp-json\/wp\/v2\/users\/1"}],"replies":[{"embeddable":true,"href":"https:\/\/casalcatala.ca\/CAT\/wp-json\/wp\/v2\/comments?post=519"}],"version-history":[{"count":3,"href":"https:\/\/casalcatala.ca\/CAT\/wp-json\/wp\/v2\/posts\/519\/revisions"}],"predecessor-version":[{"id":526,"href":"https:\/\/casalcatala.ca\/CAT\/wp-json\/wp\/v2\/posts\/519\/revisions\/526"}],"wp:attachment":[{"href":"https:\/\/casalcatala.ca\/CAT\/wp-json\/wp\/v2\/media?parent=519"}],"wp:term":[{"taxonomy":"category","embeddable":true,"href":"https:\/\/casalcatala.ca\/CAT\/wp-json\/wp\/v2\/categories?post=519"},{"taxonomy":"post_tag","embeddable":true,"href":"https:\/\/casalcatala.ca\/CAT\/wp-json\/wp\/v2\/tags?post=519"}],"curies":[{"name":"wp","href":"https:\/\/api.w.org\/{rel}","templated":true}]}}